{"id":260068,"date":"2023-05-04T09:00:00","date_gmt":"2023-05-04T15:00:00","guid":{"rendered":"https:\/\/plazajuarez.mx\/?p=260068"},"modified":"2023-05-04T11:03:33","modified_gmt":"2023-05-04T17:03:33","slug":"punks-italianos","status":"publish","type":"post","link":"https:\/\/plazajuarez.mx\/historico\/punks-italianos\/","title":{"rendered":"Punks italianos"},"content":{"rendered":"\n<h2 class=\"wp-block-heading\">CINE DE HOY<\/h2>\n\n\n\n<ul class=\"wp-block-list\">\n<li>En esta ocasi\u00f3n vamos a hablar de <em>M\u00e1rgenes<\/em> de Niccolo Falsetti, el guion est\u00e1 ambientado en la peque\u00f1a ciudad de Grosetto en 2008, en el que un grupo punk est\u00e1 viviendo su momento de gloria<\/li>\n<\/ul>\n\n\n\n<p>Una de las cintas m\u00e1s divertidas de la espl\u00e9ndida Semana del Cine Italiano de Cinecitt\u00e1 que se celebra en la Cineteca Nacional es <em>M\u00e1rgenes<\/em> de Niccolo Falsetti.<\/p>\n\n\n\n<p>El guion del propio realizador, Francesco Turbanti y Tommaso Renzoni est\u00e1 ambientado en la peque\u00f1a ciudad de Grosetto en 2008.&nbsp;<\/p>\n\n\n\n<p>Edoardo (Emanuele Linfanti), Iacopo (Matteo Creatini) y Michele (Francesco Turbanti) forman un grupo punk, que parece haber alcanzado su momento de gloria cuando son elegidos como teloneros del grupo norteamericano Defense.<\/p>\n\n\n\n<p>Sin embargo, sus sue\u00f1os parecen desvanecerse cuando son sustituidos en el \u00faltimo momento.<\/p>\n\n\n\n<p>Pero para su sorpresa, Defense acepta tocar en Grosetto, pero la organizaci\u00f3n del concierto ser\u00e1 mucho m\u00e1s dif\u00edcil de lo que esperaban.<\/p>\n\n\n\n<p>El guion recuerda mucho al de siete d\u00edas de Fernando Kalife, en el que se trataba de organizar un concierto de U-2 en M\u00e9xico.<\/p>\n\n\n\n<p>El director de la serie televisiva Saturday night fathers maneja el asunto con humor \u2013 el supuesto grupo punk norteamericano, es en realidad italiano-.<\/p>\n\n\n\n<p>Describe perfectamente al m\u00fasico serio, al hijo consentido y al maduro punketo, que har\u00e1n todo lo posible para cumplir sus sue\u00f1os.<\/p>\n\n\n\n<p>Margini resulta pues una divertida comedia, que sobresale por m\u00e9ritos propios entre tantos mafiosos y melodramas.&nbsp;<\/p>\n","protected":false},"excerpt":{"rendered":"<p>CINE DE HOY Una de las cintas m\u00e1s divertidas de la espl\u00e9ndida Semana del Cine Italiano de Cinecitt\u00e1 que se celebra en la Cineteca Nacional es M\u00e1rgenes de Niccolo Falsetti. El guion del propio realizador, Francesco Turbanti y Tommaso Renzoni est\u00e1 ambientado en la peque\u00f1a ciudad de Grosetto en 2008.&nbsp; Edoardo (Emanuele Linfanti), Iacopo (Matteo [&hellip;]<\/p>\n","protected":false},"author":96,"featured_media":247288,"comment_status":"closed","ping_status":"closed","sticky":false,"template":"","format":"standard","meta":{"footnotes":""},"categories":[41,54,42],"tags":[],"class_list":["post-260068","post","type-post","status-publish","format-standard","has-post-thumbnail","hentry","category-arteria-cultural","category-jorge-carrasco","category-nuestrapalabra"],"_links":{"self":[{"href":"https:\/\/plazajuarez.mx\/historico\/wp-json\/wp\/v2\/posts\/260068","targetHints":{"allow":["GET"]}}],"collection":[{"href":"https:\/\/plazajuarez.mx\/historico\/wp-json\/wp\/v2\/posts"}],"about":[{"href":"https:\/\/plazajuarez.mx\/historico\/wp-json\/wp\/v2\/types\/post"}],"author":[{"embeddable":true,"href":"https:\/\/plazajuarez.mx\/historico\/wp-json\/wp\/v2\/users\/96"}],"replies":[{"embeddable":true,"href":"https:\/\/plazajuarez.mx\/historico\/wp-json\/wp\/v2\/comments?post=260068"}],"version-history":[{"count":0,"href":"https:\/\/plazajuarez.mx\/historico\/wp-json\/wp\/v2\/posts\/260068\/revisions"}],"wp:featuredmedia":[{"embeddable":true,"href":"https:\/\/plazajuarez.mx\/historico\/wp-json\/wp\/v2\/media\/247288"}],"wp:attachment":[{"href":"https:\/\/plazajuarez.mx\/historico\/wp-json\/wp\/v2\/media?parent=260068"}],"wp:term":[{"taxonomy":"category","embeddable":true,"href":"https:\/\/plazajuarez.mx\/historico\/wp-json\/wp\/v2\/categories?post=260068"},{"taxonomy":"post_tag","embeddable":true,"href":"https:\/\/plazajuarez.mx\/historico\/wp-json\/wp\/v2\/tags?post=260068"}],"curies":[{"name":"wp","href":"https:\/\/api.w.org\/{rel}","templated":true}]}}