{"id":260067,"date":"2023-05-04T09:00:00","date_gmt":"2023-05-04T15:00:00","guid":{"rendered":"https:\/\/plazajuarez.mx\/?p=260067"},"modified":"2023-05-04T11:04:44","modified_gmt":"2023-05-04T17:04:44","slug":"actopan-traera-su-oferta-artistica-gastronomica-y-artesanal","status":"publish","type":"post","link":"https:\/\/plazajuarez.mx\/historico\/actopan-traera-su-oferta-artistica-gastronomica-y-artesanal\/","title":{"rendered":"Actopan traer\u00e1 su oferta art\u00edstica, gastron\u00f3mica y artesanal"},"content":{"rendered":"\n<p>La Secretar\u00eda de Cultura, dirigida por Tania Er\u00e9ndira Meza Escorza, en compa\u00f1\u00eda de la presidenta municipal de Actopan, Tatiana \u00c1ngeles Moreno, presentaron en conferencia de prensa el programa de actividades de la iniciativa Municipios Hermanos, que traer\u00e1 la oferta cultural de dicho municipio al Centro Cultural del Ferrocarril, el pr\u00f3ximo s\u00e1bado seis de mayo, a partir de las 10:00 horas.&nbsp;<\/p>\n\n\n\n<p>Tania Meza destac\u00f3 la denominaci\u00f3n de Actopan como \u201cCapital cultural del estado\u201d, por la Asociaci\u00f3n de Cronistas de Hidalgo, adem\u00e1s, agradeci\u00f3 el trabajo en colaboraci\u00f3n que se llevar\u00e1 a cabo con el ayuntamiento para dar difusi\u00f3n a la oferta cultural.&nbsp;<\/p>\n\n\n\n<p>En ese sentido, Norma M\u00e9ndez, titular de Cultura del municipio, agradeci\u00f3 la iniciativa de la dependencia estatal para dar difusi\u00f3n a cada oferta de los municipios y&nbsp; present\u00f3 el programa de actividades que iniciar\u00e1 a las 10:00 horas con la inauguraci\u00f3n para dar paso a la presentaci\u00f3n de la compa\u00f1\u00eda de danza folcl\u00f3rica Xocoyotzin; a las 12:00 horas, baile tradicional \u201cActopan Ciudad de Cara Bonita\u201d, dirigido por Eleuterio Acosta Z\u00fa\u00f1iga; a las 12:30, la presentaci\u00f3n del libro <em>Mar\u00eda del Mezquital<\/em>, de Margarito Mendoza; a las 13:00, evento musical Jossette Zamora \u201cEl ruise\u00f1or de Ma\u00f1utzi\u201d; a las 14:00 horas, tr\u00edo Los Andariegos con \u201cUn recorrido por la historia de Actopan a trav\u00e9s del bolero\u201d.&nbsp;<\/p>\n\n\n\n<p>Asimismo, a las 16:00 horas una presentaci\u00f3n de trova actopense con Xo\u00e9l Hern\u00e1ndez Castro, seguido del ensamble de m\u00fasica cl\u00e1sica con ni\u00f1as y ni\u00f1os de Actopan; a las 17:00 horas, la actividad musical de Actopenses Abel Rock. Destaca la pasarela artesanal \u201cActopan, ciudad de cara bonita\u201d, a las 17:40 horas y el cierre del evento con la Banda de Viento del Compadre Lucas, a las 18:40 horas.<\/p>\n\n\n\n<p>Para las infancias, habr\u00e1 un vag\u00f3n infantil donde ser\u00e1 impartido un taller infantil de creaci\u00f3n literaria y encuadernaci\u00f3n, por Yaneth Garc\u00eda Villeda y una actividad de narraci\u00f3n oral \u201cHistorias de Actopan\u201d, a cargo de Mario \u00c1ngeles Herrera, as\u00ed como el Puma Bus, que estar\u00e1 instalado en el patio del centro cultural.<\/p>\n","protected":false},"excerpt":{"rendered":"<p>La Secretar\u00eda de Cultura, dirigida por Tania Er\u00e9ndira Meza Escorza, en compa\u00f1\u00eda de la presidenta municipal de Actopan, Tatiana \u00c1ngeles Moreno, presentaron en conferencia de prensa el programa de actividades de la iniciativa Municipios Hermanos, que traer\u00e1 la oferta cultural de dicho municipio al Centro Cultural del Ferrocarril, el pr\u00f3ximo s\u00e1bado seis de mayo, a [&hellip;]<\/p>\n","protected":false},"author":93,"featured_media":260069,"comment_status":"closed","ping_status":"closed","sticky":false,"template":"","format":"standard","meta":{"footnotes":""},"categories":[41,2159],"tags":[],"class_list":["post-260067","post","type-post","status-publish","format-standard","has-post-thumbnail","hentry","category-arteria-cultural","category-noticias-de-hidalgo"],"_links":{"self":[{"href":"https:\/\/plazajuarez.mx\/historico\/wp-json\/wp\/v2\/posts\/260067","targetHints":{"allow":["GET"]}}],"collection":[{"href":"https:\/\/plazajuarez.mx\/historico\/wp-json\/wp\/v2\/posts"}],"about":[{"href":"https:\/\/plazajuarez.mx\/historico\/wp-json\/wp\/v2\/types\/post"}],"author":[{"embeddable":true,"href":"https:\/\/plazajuarez.mx\/historico\/wp-json\/wp\/v2\/users\/93"}],"replies":[{"embeddable":true,"href":"https:\/\/plazajuarez.mx\/historico\/wp-json\/wp\/v2\/comments?post=260067"}],"version-history":[{"count":0,"href":"https:\/\/plazajuarez.mx\/historico\/wp-json\/wp\/v2\/posts\/260067\/revisions"}],"wp:featuredmedia":[{"embeddable":true,"href":"https:\/\/plazajuarez.mx\/historico\/wp-json\/wp\/v2\/media\/260069"}],"wp:attachment":[{"href":"https:\/\/plazajuarez.mx\/historico\/wp-json\/wp\/v2\/media?parent=260067"}],"wp:term":[{"taxonomy":"category","embeddable":true,"href":"https:\/\/plazajuarez.mx\/historico\/wp-json\/wp\/v2\/categories?post=260067"},{"taxonomy":"post_tag","embeddable":true,"href":"https:\/\/plazajuarez.mx\/historico\/wp-json\/wp\/v2\/tags?post=260067"}],"curies":[{"name":"wp","href":"https:\/\/api.w.org\/{rel}","templated":true}]}}