{"id":260038,"date":"2023-05-04T08:59:49","date_gmt":"2023-05-04T14:59:49","guid":{"rendered":"https:\/\/plazajuarez.mx\/?p=260038"},"modified":"2023-05-04T09:00:11","modified_gmt":"2023-05-04T15:00:11","slug":"aseguran-que-maximiliano-de-hasburgo-no-murio-fusilado","status":"publish","type":"post","link":"https:\/\/plazajuarez.mx\/historico\/aseguran-que-maximiliano-de-hasburgo-no-murio-fusilado\/","title":{"rendered":"Aseguran que Maximiliano de Hasburgo no muri\u00f3 fusilado"},"content":{"rendered":"\n<p>Fue Rolando Deneker, investigador salvadore\u00f1o, que revisit\u00f3 los acontecimientos que tuvieron lugar en 1864, cuando Benito Ju\u00e1rez dio indicaciones a un pelot\u00f3n de fusileros para que llevaran a cabo la detonaci\u00f3n que acabar\u00eda con la vida del archiduque Maximiliano de Hasburgo, pues el tambi\u00e9n arquitecto ha propuesto que la historia del emperador no acab\u00f3 como se nos ha contado, pues a trav\u00e9s de una recabaci\u00f3n de datos, fotograf\u00edas, testimonios y una longeva investigaci\u00f3n sugiere que Ju\u00e1rez le perdon\u00f3 la vida y permiti\u00f3 que se instalara en El Salvador, donde residi\u00f3 hasta perder la vida a los 104 a\u00f1os.&nbsp;<\/p>\n\n\n\n<p>Justo de Armas fue el nombre que presuntamente adopt\u00f3 el emperador Maximiliano de Hasburgo, luego de que Benito Ju\u00e1rez le extendiera un salvoconducto -un documento que autoriza un viaje libre y sin riesgos para quien se le ha concedido- para que se trasladara a El Salvador, esa es la versi\u00f3n que Deneker ha propuesto desde hace quince a\u00f1os.&nbsp;<\/p>\n\n\n\n<p>De acuerdo con la investigaci\u00f3n del salvadore\u00f1o, a poco tiempo de que Ju\u00e1rez ordenara, a trav\u00e9s de un decreto, que el emperador fuera fusilado en el Cerro de Las Campanas (Quer\u00e9taro), un hombre con las caracter\u00edsticas f\u00edsicas del originaria de Austria, quien al poco tiempo de instalarse en la regi\u00f3n sudamericana, se gan\u00f3 el respeto de la alta sociedad salvadore\u00f1a, pese a que siempre se neg\u00f3 a hablar acerca de su pasado pues, asegura el investigador, que el parecido entre Justo y don Maximiliano era evidente, por lo que las sospechas de que se trata de una misma persona se mantuvieron centelleantes hasta el d\u00eda de su muerte.&nbsp;<\/p>\n\n\n\n<p>De hecho, el investigador ha comprobado que existen pruebas de ADN que confirman que Maximiliano y Justo ten\u00edan la misma sangre, luego de que un pariente de la estirpe de Hasburgo fungiera como donante para llevar a cabo este examen de identidad.&nbsp;<\/p>\n\n\n\n<p>Las \u00fanicas nociones que -de acuerdo con la versi\u00f3n de Deneker- dio de Armas acerca de d\u00f3nde ven\u00eda y qui\u00e9n hab\u00eda sido antes de que se la abrasase a su llegada al puerto de Acajutla, fue que era superviviente de un naufragio y tal fue el respeto que se granje\u00f3 con el tiempo, que nadie puso a discusi\u00f3n su historia, hasta que Rolando se dio a la tarea de investiga todo lo relacionado con el viajero, pues -seg\u00fan ha contado-, desde que era peque\u00f1o, su abuela, do\u00f1a Consuelo, le narraba historias que involucraban a don Justo, a quien hab\u00eda conocido personalmente a su bisabuela, do\u00f1a Abelina.&nbsp;<\/p>\n\n\n\n<p>De acuerdo con Deneke, Justo de Armas cont\u00f3 a su bisabuela que hab\u00eda sido emperador de M\u00e9xico, luego de llegar a tierras mexicanas tras abandonar Austria, por ello, cuando el investigador tuvo la oportunidad de viajar al pa\u00eds europeo, emprendi\u00f3 una honda investigaci\u00f3n acerca de este personaje, haciendo lo propio en otras regiones a las que arrib\u00f3, con el \u00fanico objetivo que desentra\u00f1ar la identidad de este personaje, como lo fueron B\u00e9lgica, Francia y M\u00e9xico.<\/p>\n\n\n\n<p>Entre los datos m\u00e1s contundentes y que llamaron m\u00e1s la atenci\u00f3n del investigador, fue que Justo lleg\u00f3 a El Salvador en 1870 y fue recibido por personajes de gran importante pol\u00edtica, pues fue Gregorio Arbiz\u00fa, vicepresidente y canciller del gobierno de Francisco Due\u00f1as, l\u00edder del partido conversador de la regi\u00f3n, por lo que Deneke se cuestion\u00f3 el por qu\u00e9 un n\u00e1ufrago recibir\u00eda tantos honores a su llegada a un pa\u00eds completamente ajeno y al que arrib\u00f3 por mera casualidad.&nbsp;<\/p>\n\n\n\n<p>&#8220;Llamaba mucho la atenci\u00f3n porque, a pesar de ser un hombre impecablemente vestido y de exquisito trato, no usaba calzado; elegantemente vestido recorr\u00eda las calles de San Salvador y dirig\u00eda el servicio de banquetes completamente descalzo. Nunca le revel\u00f3 a nadie el motivo de esta excentricidad, aunque se sabe con certeza que se vio amenazado por un grave peligro de muerte y, sin mayor esperanza de ser salvado, le prometi\u00f3 a la Virgen ir descalzo el resto de su vida si consegu\u00eda salvarse&#8221;, ha relatado Deneke para exponer su teor\u00eda.&nbsp;<\/p>\n\n\n\n<p>Otra de las cuestiones que ponen en duda la veracidad de la investigaci\u00f3n de Deneke tiene que ver con la presunta expiaci\u00f3n que Ju\u00e1rez concedi\u00f3, pero el investigador afirma que la explicaci\u00f3n es muy sencilla, debido a que ambos eran masones, lo que le impidi\u00f3 arremeter en contra del emperador, sin embargo, pactaron fingir su fusilamiento y hallar una regi\u00f3n lo suficientemente apartada de M\u00e9xico para que de Hasburgo pasara el resto de sus d\u00edas, pues asegura que vivi\u00f3 hasta los 104 a\u00f1os.&nbsp;<\/p>\n","protected":false},"excerpt":{"rendered":"<p>Fue Rolando Deneker, investigador salvadore\u00f1o, que revisit\u00f3 los acontecimientos que tuvieron lugar en 1864, cuando Benito Ju\u00e1rez dio indicaciones a un pelot\u00f3n de fusileros para que llevaran a cabo la detonaci\u00f3n que acabar\u00eda con la vida del archiduque Maximiliano de Hasburgo, pues el tambi\u00e9n arquitecto ha propuesto que la historia del emperador no acab\u00f3 como [&hellip;]<\/p>\n","protected":false},"author":81,"featured_media":260050,"comment_status":"closed","ping_status":"closed","sticky":false,"template":"","format":"standard","meta":{"footnotes":""},"categories":[41,36],"tags":[],"class_list":["post-260038","post","type-post","status-publish","format-standard","has-post-thumbnail","hentry","category-arteria-cultural","category-nacion"],"_links":{"self":[{"href":"https:\/\/plazajuarez.mx\/historico\/wp-json\/wp\/v2\/posts\/260038","targetHints":{"allow":["GET"]}}],"collection":[{"href":"https:\/\/plazajuarez.mx\/historico\/wp-json\/wp\/v2\/posts"}],"about":[{"href":"https:\/\/plazajuarez.mx\/historico\/wp-json\/wp\/v2\/types\/post"}],"author":[{"embeddable":true,"href":"https:\/\/plazajuarez.mx\/historico\/wp-json\/wp\/v2\/users\/81"}],"replies":[{"embeddable":true,"href":"https:\/\/plazajuarez.mx\/historico\/wp-json\/wp\/v2\/comments?post=260038"}],"version-history":[{"count":0,"href":"https:\/\/plazajuarez.mx\/historico\/wp-json\/wp\/v2\/posts\/260038\/revisions"}],"wp:featuredmedia":[{"embeddable":true,"href":"https:\/\/plazajuarez.mx\/historico\/wp-json\/wp\/v2\/media\/260050"}],"wp:attachment":[{"href":"https:\/\/plazajuarez.mx\/historico\/wp-json\/wp\/v2\/media?parent=260038"}],"wp:term":[{"taxonomy":"category","embeddable":true,"href":"https:\/\/plazajuarez.mx\/historico\/wp-json\/wp\/v2\/categories?post=260038"},{"taxonomy":"post_tag","embeddable":true,"href":"https:\/\/plazajuarez.mx\/historico\/wp-json\/wp\/v2\/tags?post=260038"}],"curies":[{"name":"wp","href":"https:\/\/api.w.org\/{rel}","templated":true}]}}