{"id":260037,"date":"2023-05-04T08:59:18","date_gmt":"2023-05-04T14:59:18","guid":{"rendered":"https:\/\/plazajuarez.mx\/?p=260037"},"modified":"2023-05-04T09:00:29","modified_gmt":"2023-05-04T15:00:29","slug":"el-legado-de-la-poeta-olivia-zuniga-es-rescatado-en-una-exposicion-en-mexico","status":"publish","type":"post","link":"https:\/\/plazajuarez.mx\/historico\/el-legado-de-la-poeta-olivia-zuniga-es-rescatado-en-una-exposicion-en-mexico\/","title":{"rendered":"El legado de la poeta Olivia Z\u00fa\u00f1iga es rescatado en una exposici\u00f3n en M\u00e9xico"},"content":{"rendered":"\n<p>Una exposici\u00f3n inaugurada el fin de semana en Guadalajara, retoma la vida y el legado de la escritora, periodista y cr\u00edtica de arte mexicana Olivia Z\u00fa\u00f1iga, quien fue colaboradora de artistas como Juan Jos\u00e9 Arreola y Mat\u00edas Goeritz, pero cuya obra qued\u00f3 olvidada en el tiempo.<\/p>\n\n\n\n<p>El legado de la poeta fue aplastado por el devenir de los a\u00f1os pese a haber sido una destacada artista en el \u00e1mbito cultural de M\u00e9xico, explic\u00f3 B\u00e1rbara L\u00e1zara, su bisnieta y autora de la exposici\u00f3n \u201cOlivia Z\u00fa\u00f1iga: sonora en el silencio\u201d.<\/p>\n\n\n\n<p>Parte de este olvido se debi\u00f3 a que la escritora, nacida en 1916, fue considerada como una mujer con \u201cuna vida escandalosa\u201d, al hacerse un espacio que antes era reservado casi exclusivamente para los hombres, afirma L\u00e1zara.<\/p>\n\n\n\n<p>\u201cFue una vida muy pol\u00e9mica, muy malentendida, ella viv\u00eda como cualquiera de nosotros hoy lo hacemos, pero eran principios del Siglo XX, aunque ella lo hac\u00eda desde la conciencia de que era posible crear, s\u00ed hab\u00eda una prohibici\u00f3n social. Es parte de lo sist\u00e9mico de la misoginia\u201d, dijo.<\/p>\n\n\n\n<p>Z\u00fa\u00f1iga escribi\u00f3 numerosos poemas y novelas, fue periodista y cr\u00edtica de arte para revistas y peri\u00f3dicos de relevancia nacional y public\u00f3 cinco libros entre ellos \u201cAmante imaginado\u201d editado en 1947 y \u201cRetrato de una ni\u00f1a triste\u201d, Premio Jalisco de Novela en 1951.<\/p>\n\n\n\n<p>A lo largo de su vida fue colaboradora de Mathias Goeritz, de quien realiz\u00f3 una biograf\u00eda, y de Juan Jos\u00e9 Arreola, quien edit\u00f3 su \u00faltimo libro \u201cLa muerte es una ciudad distinta\u201d en 1959, como parte de su colecci\u00f3n \u201cLos cuadernos del unicornio\u201d.<\/p>\n\n\n\n<p>Tras m\u00e1s de una d\u00e9cada de b\u00fasqueda entre los archivos familiares, los amigos que a\u00fan sobreviv\u00edan y en librer\u00edas de viejo, L\u00e1zara pudo localizar un par de ejemplares de sus libros adem\u00e1s de rescatar fotograf\u00edas y datos de la vida de Z\u00fa\u00f1iga que reuni\u00f3 en la exposici\u00f3n.<\/p>\n\n\n\n<p>\u201cEra una mujer brillante, con una modernidad y una mentalidad contempor\u00e1nea, no era adelantada a su \u00e9poca, sino que estaba en el tiempo. Decidi\u00f3 escribir pese a que era autodidacta, hu\u00e9rfana y mujer\u201d, asegur\u00f3.<\/p>\n\n\n\n<p>\u201cOlivia Z\u00fa\u00f1iga: sonora en el silencio\u201d muestra un centenar de piezas que formaron parte de su archivo personal, entre escritos, cartas y recortes, retratos adem\u00e1s de arte objeto y una videoinstalaci\u00f3n, que permanecer\u00e1n en el Museo Caba\u00f1as hasta el 12 de agosto.<\/p>\n","protected":false},"excerpt":{"rendered":"<p>Una exposici\u00f3n inaugurada el fin de semana en Guadalajara, retoma la vida y el legado de la escritora, periodista y cr\u00edtica de arte mexicana Olivia Z\u00fa\u00f1iga, quien fue colaboradora de artistas como Juan Jos\u00e9 Arreola y Mat\u00edas Goeritz, pero cuya obra qued\u00f3 olvidada en el tiempo. El legado de la poeta fue aplastado por el [&hellip;]<\/p>\n","protected":false},"author":80,"featured_media":260049,"comment_status":"closed","ping_status":"closed","sticky":false,"template":"","format":"standard","meta":{"footnotes":""},"categories":[41,36],"tags":[],"class_list":["post-260037","post","type-post","status-publish","format-standard","has-post-thumbnail","hentry","category-arteria-cultural","category-nacion"],"_links":{"self":[{"href":"https:\/\/plazajuarez.mx\/historico\/wp-json\/wp\/v2\/posts\/260037","targetHints":{"allow":["GET"]}}],"collection":[{"href":"https:\/\/plazajuarez.mx\/historico\/wp-json\/wp\/v2\/posts"}],"about":[{"href":"https:\/\/plazajuarez.mx\/historico\/wp-json\/wp\/v2\/types\/post"}],"author":[{"embeddable":true,"href":"https:\/\/plazajuarez.mx\/historico\/wp-json\/wp\/v2\/users\/80"}],"replies":[{"embeddable":true,"href":"https:\/\/plazajuarez.mx\/historico\/wp-json\/wp\/v2\/comments?post=260037"}],"version-history":[{"count":0,"href":"https:\/\/plazajuarez.mx\/historico\/wp-json\/wp\/v2\/posts\/260037\/revisions"}],"wp:featuredmedia":[{"embeddable":true,"href":"https:\/\/plazajuarez.mx\/historico\/wp-json\/wp\/v2\/media\/260049"}],"wp:attachment":[{"href":"https:\/\/plazajuarez.mx\/historico\/wp-json\/wp\/v2\/media?parent=260037"}],"wp:term":[{"taxonomy":"category","embeddable":true,"href":"https:\/\/plazajuarez.mx\/historico\/wp-json\/wp\/v2\/categories?post=260037"},{"taxonomy":"post_tag","embeddable":true,"href":"https:\/\/plazajuarez.mx\/historico\/wp-json\/wp\/v2\/tags?post=260037"}],"curies":[{"name":"wp","href":"https:\/\/api.w.org\/{rel}","templated":true}]}}