{"id":259604,"date":"2023-04-29T22:46:02","date_gmt":"2023-04-30T04:46:02","guid":{"rendered":"https:\/\/plazajuarez.mx\/?p=259604"},"modified":"2023-04-29T22:50:17","modified_gmt":"2023-04-30T04:50:17","slug":"tasquillo","status":"publish","type":"post","link":"https:\/\/plazajuarez.mx\/historico\/tasquillo\/","title":{"rendered":"Esta semana se definir\u00eda qui\u00e9n ser\u00e1 alcalde en Tasquillo"},"content":{"rendered":"\n<ul class=\"wp-block-list\">\n<li>Secretar\u00eda de Gobierno y Congreso, ya dialogaron con regidores<\/li>\n\n\n\n<li>Despu\u00e9s del lunes comienzan las negociaciones<\/li>\n<\/ul>\n\n\n\n<p><strong> <\/strong>Despu\u00e9s del lunes, decidir\u00e1n el futuro de la administraci\u00f3n municipal de Tasquillo, donde los regidores se reunir\u00e1n para definir qui\u00e9n suplir\u00e1 en el cargo a la alcaldesa, Mar\u00eda Isabel Guerrero Trejo, quien falleci\u00f3 el mi\u00e9rcoles pasado.\u00a0<\/p>\n\n\n\n<p>La presidencia municipal, emiti\u00f3 un comunicado de prensa para referirse a este proceso, donde dio a conocer, que se mantendr\u00e1 como encargado del despacho durante los pr\u00f3ximos 15 d\u00edas el secretario general, Huberto Fuentes Portillo.&nbsp;&nbsp;<\/p>\n\n\n\n<p>En este sentido, la alcald\u00eda dio a conocer que el 27 de abril, en una sesi\u00f3n de cabildo, los regidores aprobaron que el secretario est\u00e9 al frente del cargo por un periodo no mayor a los 15 como establece la Ley Org\u00e1nica Municipal.&nbsp;<\/p>\n\n\n\n<p>Asimismo, la presidencia inform\u00f3, que se est\u00e1 dando continuidad a la agenda que dej\u00f3 la fallecida alcaldesa y que&nbsp; se le dar\u00e1 seguimiento en tanto se nombre a quien la habr\u00e1 de suceder en el cargo y que podr\u00eda ocurrir esta misma semana.&nbsp;<\/p>\n\n\n\n<p>Por su parte, los regidores, contin\u00faan en algunos cabildeos para definir qui\u00e9n habr\u00e1 de suceder a la presidenta municipal, debido a que ella era la suplente de la tambi\u00e9n fallecida, Mar\u00eda de Jes\u00fas Ch\u00e1vez, quien perdi\u00f3 la vida pocos d\u00edas despu\u00e9s de haber asumido el cargo<\/p>\n","protected":false},"excerpt":{"rendered":"<p>Despu\u00e9s del lunes, decidir\u00e1n el futuro de la administraci\u00f3n municipal de Tasquillo, donde los regidores se reunir\u00e1n para definir qui\u00e9n suplir\u00e1 en el cargo a la alcaldesa, Mar\u00eda Isabel Guerrero Trejo, quien falleci\u00f3 el mi\u00e9rcoles pasado.\u00a0 La presidencia municipal, emiti\u00f3 un comunicado de prensa para referirse a este proceso, donde dio a conocer, que se [&hellip;]<\/p>\n","protected":false},"author":75,"featured_media":259605,"comment_status":"closed","ping_status":"closed","sticky":false,"template":"","format":"standard","meta":{"footnotes":""},"categories":[15,2159,40],"tags":[],"class_list":["post-259604","post","type-post","status-publish","format-standard","has-post-thumbnail","hentry","category-destacadas","category-noticias-de-hidalgo","category-region"],"_links":{"self":[{"href":"https:\/\/plazajuarez.mx\/historico\/wp-json\/wp\/v2\/posts\/259604","targetHints":{"allow":["GET"]}}],"collection":[{"href":"https:\/\/plazajuarez.mx\/historico\/wp-json\/wp\/v2\/posts"}],"about":[{"href":"https:\/\/plazajuarez.mx\/historico\/wp-json\/wp\/v2\/types\/post"}],"author":[{"embeddable":true,"href":"https:\/\/plazajuarez.mx\/historico\/wp-json\/wp\/v2\/users\/75"}],"replies":[{"embeddable":true,"href":"https:\/\/plazajuarez.mx\/historico\/wp-json\/wp\/v2\/comments?post=259604"}],"version-history":[{"count":0,"href":"https:\/\/plazajuarez.mx\/historico\/wp-json\/wp\/v2\/posts\/259604\/revisions"}],"wp:featuredmedia":[{"embeddable":true,"href":"https:\/\/plazajuarez.mx\/historico\/wp-json\/wp\/v2\/media\/259605"}],"wp:attachment":[{"href":"https:\/\/plazajuarez.mx\/historico\/wp-json\/wp\/v2\/media?parent=259604"}],"wp:term":[{"taxonomy":"category","embeddable":true,"href":"https:\/\/plazajuarez.mx\/historico\/wp-json\/wp\/v2\/categories?post=259604"},{"taxonomy":"post_tag","embeddable":true,"href":"https:\/\/plazajuarez.mx\/historico\/wp-json\/wp\/v2\/tags?post=259604"}],"curies":[{"name":"wp","href":"https:\/\/api.w.org\/{rel}","templated":true}]}}