{"id":2596,"date":"2015-03-21T06:00:00","date_gmt":"2015-03-21T06:00:00","guid":{"rendered":"http:\/\/plazajuarez.mx\/index\/index.php\/2015\/03\/21\/un-ataque-a-dos-mezquitas-chiies-mata-a-142-personas-en-yemen\/"},"modified":"2015-03-21T06:00:00","modified_gmt":"2015-03-21T06:00:00","slug":"un-ataque-a-dos-mezquitas-chiies-mata-a-142-personas-en-yemen","status":"publish","type":"post","link":"https:\/\/plazajuarez.mx\/historico\/un-ataque-a-dos-mezquitas-chiies-mata-a-142-personas-en-yemen\/","title":{"rendered":"Un ataque a dos mezquitas chi\u00edes mata a 142 personas en Yemen"},"content":{"rendered":"<p><span style=\"font-family: verdana,geneva; font-size: 10pt;\">Dub\u00e1i.- Hasta 142 personas murieron ayer en San\u00e1, la capital de Yemen, cuando varios suicidas atacaron dos mezquitas chi\u00edes, seg\u00fan fuentes hospitalarias. El objetivo eran sin duda los rebeldes Huthi que desde finales de enero se hicieron con el poder y cuyos seguidores son sobre todo chi\u00edes zayd\u00edes. Su golpe de mano no s\u00f3lo abri\u00f3 una grave crisis pol\u00edtica en el empobrecido pa\u00eds \u00e1rabe, sino que ha azuzado la baza sectaria que Al Qaeda lleva a\u00f1os tratando de explotar y de la que ahora quiere aprovecharse el Estado Isl\u00e1mico, que se ha responsabilizado de los atentados.<\/span><\/p>\n<p>  <!--more-->  <\/p>\n<p>\u00a0<\/p>\n<p><span style=\"font-family: verdana,geneva; font-size: 10pt;\">Los ataques, con escaso intervalo entre s\u00ed, se produjeron durante la plegaria del mediod\u00eda del viernes, justo cuando las aljamas est\u00e1n m\u00e1s concurridas. El primer suicida hizo estallar su cintur\u00f3n explosivo en el interior de la mezquita de Badr, en el centro de San\u00e1; pocos minutos despu\u00e9s, un segundo terrorista activaba su bomba entre medio de los fieles que sal\u00edan despavoridos. Casi al mismo tiempo otro individuo (dos seg\u00fan la agencia yemen\u00ed Saba) se reventaba en la mezquita de Al Hashush, al norte de la ciudad. En Saada, al norte del pa\u00eds, la polic\u00eda logr\u00f3 interceptar a otro suicida que pretend\u00eda atacar la mezquita del Imam Hadi.<\/span><\/p>\n<p><span style=\"font-family: verdana,geneva; font-size: 10pt;\">En la de Badr result\u00f3 muerto su imam, Murtada al Mohadwari, considerado el l\u00edder espiritual de los Huthi. Entre los 350 heridos de distinta consideraci\u00f3n que ha dejado la m\u00faltiple agresi\u00f3n, se halla Jaled al Madani, un destacado dirigente de ese grupo.<\/span><\/p>\n<p><span style=\"font-family: verdana,geneva; font-size: 10pt;\">\u201cEs s\u00f3lo la punta del iceberg de lo que viene\u201d, ha asegurado una desconocida divisi\u00f3n del Estado Isl\u00e1mico (EI) en Yemen a trav\u00e9s de varias cuentas afiliadas en las redes sociales, seg\u00fan recoge la web de seguimiento del terrorismo SITE. Es la primera vez que el EI se responsabiliza de una acci\u00f3n terrorista en Yemen.<\/span><\/p>\n<p><span style=\"font-family: verdana,geneva; font-size: 10pt;\">\u201cLas huellas son de Al Qaeda\u2026 pero no me sorprender\u00eda saber que el EI est\u00e9 operando ya all\u00ed tambi\u00e9n\u201d, se\u00f1al\u00f3 el embajador y analista yemen\u00ed Mustapha Noman, en referencia al caos en el que se ha sumido su pa\u00eds. (Agencias)<\/span><\/p>\n","protected":false},"excerpt":{"rendered":"<p>Dub\u00e1i.- Hasta 142 personas murieron ayer en San\u00e1, la capital de Yemen, cuando varios suicidas atacaron dos mezquitas chi\u00edes, seg\u00fan fuentes hospitalarias. El objetivo eran sin duda los rebeldes Huthi que desde finales de enero se hicieron con el poder y cuyos seguidores son sobre todo chi\u00edes zayd\u00edes. Su golpe de mano no s\u00f3lo abri\u00f3 [&hellip;]<\/p>\n","protected":false},"author":93,"featured_media":0,"comment_status":"open","ping_status":"open","sticky":false,"template":"","format":"standard","meta":{"footnotes":""},"categories":[31],"tags":[],"class_list":["post-2596","post","type-post","status-publish","format-standard","hentry","category-orbe"],"_links":{"self":[{"href":"https:\/\/plazajuarez.mx\/historico\/wp-json\/wp\/v2\/posts\/2596","targetHints":{"allow":["GET"]}}],"collection":[{"href":"https:\/\/plazajuarez.mx\/historico\/wp-json\/wp\/v2\/posts"}],"about":[{"href":"https:\/\/plazajuarez.mx\/historico\/wp-json\/wp\/v2\/types\/post"}],"author":[{"embeddable":true,"href":"https:\/\/plazajuarez.mx\/historico\/wp-json\/wp\/v2\/users\/93"}],"replies":[{"embeddable":true,"href":"https:\/\/plazajuarez.mx\/historico\/wp-json\/wp\/v2\/comments?post=2596"}],"version-history":[{"count":0,"href":"https:\/\/plazajuarez.mx\/historico\/wp-json\/wp\/v2\/posts\/2596\/revisions"}],"wp:attachment":[{"href":"https:\/\/plazajuarez.mx\/historico\/wp-json\/wp\/v2\/media?parent=2596"}],"wp:term":[{"taxonomy":"category","embeddable":true,"href":"https:\/\/plazajuarez.mx\/historico\/wp-json\/wp\/v2\/categories?post=2596"},{"taxonomy":"post_tag","embeddable":true,"href":"https:\/\/plazajuarez.mx\/historico\/wp-json\/wp\/v2\/tags?post=2596"}],"curies":[{"name":"wp","href":"https:\/\/api.w.org\/{rel}","templated":true}]}}