{"id":259599,"date":"2023-04-29T22:37:23","date_gmt":"2023-04-30T04:37:23","guid":{"rendered":"https:\/\/plazajuarez.mx\/?p=259599"},"modified":"2023-04-29T22:42:08","modified_gmt":"2023-04-30T04:42:08","slug":"nino_-2","status":"publish","type":"post","link":"https:\/\/plazajuarez.mx\/historico\/nino_-2\/","title":{"rendered":"Realizan carrera por el D\u00eda del Ni\u00f1o en Santa Mar\u00eda Asunci\u00f3n"},"content":{"rendered":"\n<p>Un total de 270 corredores, 165 de ellos ni\u00f1os, dieron vida la ma\u00f1ana de este s\u00e1bado a la primera carrera atl\u00e9tica realizada en la comunidad de Santa Mar\u00eda Asunci\u00f3n, totalmente recreativa de tres kil\u00f3metros, y con pruebas especiales para los m\u00e1s peque\u00f1os.<\/p>\n\n\n\n<p>A esta competencia se dieron cita corredores de la regi\u00f3n y otros puntos del estado de Hidalgo, y se destac\u00f3 la participaci\u00f3n de los lugare\u00f1os, quienes aplaudieron la realizaci\u00f3n de este tipo de eventos, para erradicar la imagen negativa que tiene la comunidad.<\/p>\n\n\n\n<p>El grupo Deportivo Vargas, encabezado por la profesora Laura Elizabeth Vargas Mart\u00ednez, fue el encargado de la organizaci\u00f3n, que no tiene precedente en esta comunidad, donde regularmente se practica solo el futbol.<\/p>\n\n\n\n<p>El primer corredor en llegar a la meta fue un habitante de esta comunidad, C\u00e9sar Antonio Garc\u00eda Rojas, de 22 a\u00f1os de edad, quien sum\u00f3 un tiempo de 10 minutos con 43 segundos.<\/p>\n\n\n\n<p>El segundo lugar varonil fue para Roberto Trejo, de 14 a\u00f1os de edad. Y el tercer sitio lo ocup\u00f3 Germ\u00e1n Vargas, de 17 a\u00f1os de edad.<\/p>\n\n\n\n<p>En la rama femenil, categor\u00eda libre, la ganadora fue Valeria Mart\u00ednez, quien hizo un tiempo de 14 minutos con 11 segundos; seguida por Rosa Isabel L\u00f3pez, con un tiempo de 15 minutos 14 segundos, y el tercer lugar fue para Alma D\u00edaz, quien hizo 16 minutos y 33 segundos.<\/p>\n\n\n\n<p>El evento culmin\u00f3 con las pruebas para los menores, desde los dos hasta los 14 a\u00f1os de edad, en las distancias de 25, 75 y 100 metros, con una fiesta total donde participaron 165 peque\u00f1os.<\/p>\n\n\n\n<p>Los organizadores premiaron con medalla a cada uno de los participantes, adem\u00e1s de un aguinaldo para todos los ni\u00f1os.<\/p>\n","protected":false},"excerpt":{"rendered":"<p>Un total de 270 corredores, 165 de ellos ni\u00f1os, dieron vida la ma\u00f1ana de este s\u00e1bado a la primera carrera atl\u00e9tica realizada en la comunidad de Santa Mar\u00eda Asunci\u00f3n, totalmente recreativa de tres kil\u00f3metros, y con pruebas especiales para los m\u00e1s peque\u00f1os. A esta competencia se dieron cita corredores de la regi\u00f3n y otros puntos [&hellip;]<\/p>\n","protected":false},"author":70,"featured_media":259600,"comment_status":"closed","ping_status":"closed","sticky":false,"template":"","format":"standard","meta":{"footnotes":""},"categories":[2159,40],"tags":[],"class_list":["post-259599","post","type-post","status-publish","format-standard","has-post-thumbnail","hentry","category-noticias-de-hidalgo","category-region"],"_links":{"self":[{"href":"https:\/\/plazajuarez.mx\/historico\/wp-json\/wp\/v2\/posts\/259599","targetHints":{"allow":["GET"]}}],"collection":[{"href":"https:\/\/plazajuarez.mx\/historico\/wp-json\/wp\/v2\/posts"}],"about":[{"href":"https:\/\/plazajuarez.mx\/historico\/wp-json\/wp\/v2\/types\/post"}],"author":[{"embeddable":true,"href":"https:\/\/plazajuarez.mx\/historico\/wp-json\/wp\/v2\/users\/70"}],"replies":[{"embeddable":true,"href":"https:\/\/plazajuarez.mx\/historico\/wp-json\/wp\/v2\/comments?post=259599"}],"version-history":[{"count":0,"href":"https:\/\/plazajuarez.mx\/historico\/wp-json\/wp\/v2\/posts\/259599\/revisions"}],"wp:featuredmedia":[{"embeddable":true,"href":"https:\/\/plazajuarez.mx\/historico\/wp-json\/wp\/v2\/media\/259600"}],"wp:attachment":[{"href":"https:\/\/plazajuarez.mx\/historico\/wp-json\/wp\/v2\/media?parent=259599"}],"wp:term":[{"taxonomy":"category","embeddable":true,"href":"https:\/\/plazajuarez.mx\/historico\/wp-json\/wp\/v2\/categories?post=259599"},{"taxonomy":"post_tag","embeddable":true,"href":"https:\/\/plazajuarez.mx\/historico\/wp-json\/wp\/v2\/tags?post=259599"}],"curies":[{"name":"wp","href":"https:\/\/api.w.org\/{rel}","templated":true}]}}