{"id":2595,"date":"2015-03-21T06:00:00","date_gmt":"2015-03-21T06:00:00","guid":{"rendered":"http:\/\/plazajuarez.mx\/index\/index.php\/2015\/03\/21\/los-terroristas-de-tunez-se-entrenaron-en-libia-y-entraron-desde-ese-pais\/"},"modified":"2015-03-21T06:00:00","modified_gmt":"2015-03-21T06:00:00","slug":"los-terroristas-de-tunez-se-entrenaron-en-libia-y-entraron-desde-ese-pais","status":"publish","type":"post","link":"https:\/\/plazajuarez.mx\/historico\/los-terroristas-de-tunez-se-entrenaron-en-libia-y-entraron-desde-ese-pais\/","title":{"rendered":"Los terroristas de T\u00fanez se entrenaron en Libia y entraron desde ese pa\u00eds"},"content":{"rendered":"<p><span style=\"font-family: verdana,geneva; font-size: 10pt;\">T\u00fanez.- Los autores del atentado que el mi\u00e9rcoles mat\u00f3 a una veintena de turistas extranjeros se formaron en las filas de la rama libia del Estado Isl\u00e1mico (EI) y entraron en T\u00fanez desde el pa\u00eds vecino, informaron fuentes de seguridad.<\/span><\/p>\n<p>  <!--more-->  <\/p>\n<p>\u00a0<\/p>\n<p><span style=\"font-family: verdana,geneva; font-size: 10pt;\">Seg\u00fan el secretario de Estado de asuntos de Seguridad tunecino, Rafik Chelly, los autores entraron en el pa\u00eds de forma clandestina el pasado mes de diciembre.<\/span><\/p>\n<p><span style=\"font-family: verdana,geneva; font-size: 10pt;\">&#8220;Sabemos que se entrenaron en alguno de los campos para tunecinos takfiries (rama ultra radical del Islam) de Libia, en Sabratam Bengasi o Derna&#8221;, afirm\u00f3 el responsable. Chelly admiti\u00f3 que estaban en el objetivo de la polic\u00eda y que eran investigados, pero se desconoc\u00eda que pudieran estar planeando un ataque de esta envergadura. (Agencias)<\/span><\/p>\n<p><span style=\"font-family: verdana,geneva; font-size: 10pt;\">\u00a0<\/span><\/p>\n<p><span style=\"font-family: verdana,geneva; font-size: 10pt;\">\u00a0<\/span><\/p>\n","protected":false},"excerpt":{"rendered":"<p>T\u00fanez.- Los autores del atentado que el mi\u00e9rcoles mat\u00f3 a una veintena de turistas extranjeros se formaron en las filas de la rama libia del Estado Isl\u00e1mico (EI) y entraron en T\u00fanez desde el pa\u00eds vecino, informaron fuentes de seguridad.<\/p>\n","protected":false},"author":93,"featured_media":0,"comment_status":"open","ping_status":"open","sticky":false,"template":"","format":"standard","meta":{"footnotes":""},"categories":[31],"tags":[],"class_list":["post-2595","post","type-post","status-publish","format-standard","hentry","category-orbe"],"_links":{"self":[{"href":"https:\/\/plazajuarez.mx\/historico\/wp-json\/wp\/v2\/posts\/2595","targetHints":{"allow":["GET"]}}],"collection":[{"href":"https:\/\/plazajuarez.mx\/historico\/wp-json\/wp\/v2\/posts"}],"about":[{"href":"https:\/\/plazajuarez.mx\/historico\/wp-json\/wp\/v2\/types\/post"}],"author":[{"embeddable":true,"href":"https:\/\/plazajuarez.mx\/historico\/wp-json\/wp\/v2\/users\/93"}],"replies":[{"embeddable":true,"href":"https:\/\/plazajuarez.mx\/historico\/wp-json\/wp\/v2\/comments?post=2595"}],"version-history":[{"count":0,"href":"https:\/\/plazajuarez.mx\/historico\/wp-json\/wp\/v2\/posts\/2595\/revisions"}],"wp:attachment":[{"href":"https:\/\/plazajuarez.mx\/historico\/wp-json\/wp\/v2\/media?parent=2595"}],"wp:term":[{"taxonomy":"category","embeddable":true,"href":"https:\/\/plazajuarez.mx\/historico\/wp-json\/wp\/v2\/categories?post=2595"},{"taxonomy":"post_tag","embeddable":true,"href":"https:\/\/plazajuarez.mx\/historico\/wp-json\/wp\/v2\/tags?post=2595"}],"curies":[{"name":"wp","href":"https:\/\/api.w.org\/{rel}","templated":true}]}}