{"id":2594,"date":"2015-03-21T06:00:00","date_gmt":"2015-03-21T06:00:00","guid":{"rendered":"http:\/\/plazajuarez.mx\/index\/index.php\/2015\/03\/21\/el-belico-netanyahu-dice-ahora-que-quiere-una-solucion-de-dos-estados-pacifica-y-sostenible\/"},"modified":"2015-03-21T06:00:00","modified_gmt":"2015-03-21T06:00:00","slug":"el-belico-netanyahu-dice-ahora-que-quiere-una-solucion-de-dos-estados-pacifica-y-sostenible","status":"publish","type":"post","link":"https:\/\/plazajuarez.mx\/historico\/el-belico-netanyahu-dice-ahora-que-quiere-una-solucion-de-dos-estados-pacifica-y-sostenible\/","title":{"rendered":"El b\u00e9lico Netanyahu dice ahora que quiere \u00abuna soluci\u00f3n de dos Estados pac\u00edfica y sostenible\u00bb"},"content":{"rendered":"<p><span style=\"font-family: verdana,geneva; font-size: 10pt;\">El primer ministro israel\u00ed y l\u00edder del partido derechista Likud, Benjam\u00edn Netanyahu, se mostr\u00f3 ayer mucho m\u00e1s tolerante con respecto al proceso de di\u00e1logo con los palestinos, tras sus manifestaciones del lunes en Israel.<\/span><\/p>\n<p>  <!--more-->  <\/p>\n<p>\u00a0<\/p>\n<p><span style=\"font-family: verdana,geneva; font-size: 10pt;\">&#8220;No he cambiado mi pol\u00edtica. No quiero una soluci\u00f3n de un solo Estado. Quiero una soluci\u00f3n de dos Estados sostenible, pac\u00edfica&#8221;, afirm\u00f3.<\/span><\/p>\n<p><span style=\"font-family: verdana,geneva; font-size: 10pt;\">De momento, Netahyahu se est\u00e1 planteando impulsar la revocaci\u00f3n de una ley aprobada en la anterior legislatura que limitaba a 18 el n\u00famero de carteras ministeriales, lo que denota un claro intento de dar cabida al mayor n\u00famero de socios y compa\u00f1eros en el gobierno, seg\u00fan el peri\u00f3dico digital Ynet.<\/span><\/p>\n<p><span style=\"font-family: verdana,geneva; font-size: 10pt;\">El primer ministro puede introducir cambios sustanciales en carteras clave como Asuntos Exteriores, que dejar\u00eda de desempe\u00f1ar Lieberman y que podr\u00eda pasar a un miembro destacado del Likud, tal vez Silvam Shalom, quien ya ejerci\u00f3 el cargo entre 2003 y 2006 durante el mandato de Ariel Sharon como jefe del Ejecutivo israel\u00ed.<\/span><\/p>\n<p><span style=\"font-family: verdana,geneva; font-size: 10pt;\">Asimismo, otro posible candidato para Exteriores es Gilad Erdan, quien fue n\u00famero dos en la lista del Likud para las pasadas elecciones y est\u00e1 considerado uno de los m\u00e1s cercanos colaboradores de Netahyahu, se\u00f1ala el peri\u00f3dico.<\/span><\/p>\n<p><span style=\"font-family: verdana,geneva; font-size: 10pt;\">La cartera de Defensa, que tambi\u00e9n era una aspiraci\u00f3n de Lieberman durante la pasada campa\u00f1a electoral, podr\u00eda recaer en el general retirado Mosh\u00e9 Yaalon, antiguo jefe del Estado mayor del Ej\u00e9rcito y uno de los militares m\u00e1s prestigiosos de Israel.<\/span><\/p>\n<p><span style=\"font-family: verdana,geneva; font-size: 10pt;\">De verificarse esos nombramientos supondr\u00eda una al menos aparente dulcificaci\u00f3n de las pol\u00edticas de Netahyahu, pero quedar\u00eda por ver de qu\u00e9 manera compensa a sus aliados en la Kneset (Parlamento). (Agencias)<\/span><\/p>\n","protected":false},"excerpt":{"rendered":"<p>El primer ministro israel\u00ed y l\u00edder del partido derechista Likud, Benjam\u00edn Netanyahu, se mostr\u00f3 ayer mucho m\u00e1s tolerante con respecto al proceso de di\u00e1logo con los palestinos, tras sus manifestaciones del lunes en Israel.<\/p>\n","protected":false},"author":93,"featured_media":0,"comment_status":"open","ping_status":"open","sticky":false,"template":"","format":"standard","meta":{"footnotes":""},"categories":[31],"tags":[],"class_list":["post-2594","post","type-post","status-publish","format-standard","hentry","category-orbe"],"_links":{"self":[{"href":"https:\/\/plazajuarez.mx\/historico\/wp-json\/wp\/v2\/posts\/2594","targetHints":{"allow":["GET"]}}],"collection":[{"href":"https:\/\/plazajuarez.mx\/historico\/wp-json\/wp\/v2\/posts"}],"about":[{"href":"https:\/\/plazajuarez.mx\/historico\/wp-json\/wp\/v2\/types\/post"}],"author":[{"embeddable":true,"href":"https:\/\/plazajuarez.mx\/historico\/wp-json\/wp\/v2\/users\/93"}],"replies":[{"embeddable":true,"href":"https:\/\/plazajuarez.mx\/historico\/wp-json\/wp\/v2\/comments?post=2594"}],"version-history":[{"count":0,"href":"https:\/\/plazajuarez.mx\/historico\/wp-json\/wp\/v2\/posts\/2594\/revisions"}],"wp:attachment":[{"href":"https:\/\/plazajuarez.mx\/historico\/wp-json\/wp\/v2\/media?parent=2594"}],"wp:term":[{"taxonomy":"category","embeddable":true,"href":"https:\/\/plazajuarez.mx\/historico\/wp-json\/wp\/v2\/categories?post=2594"},{"taxonomy":"post_tag","embeddable":true,"href":"https:\/\/plazajuarez.mx\/historico\/wp-json\/wp\/v2\/tags?post=2594"}],"curies":[{"name":"wp","href":"https:\/\/api.w.org\/{rel}","templated":true}]}}