{"id":2593,"date":"2015-03-21T06:00:00","date_gmt":"2015-03-21T06:00:00","guid":{"rendered":"http:\/\/plazajuarez.mx\/index\/index.php\/2015\/03\/21\/video-de-obama-a-los-iranies-a-favor-de-un-acuerdo-nuclear\/"},"modified":"2015-03-21T06:00:00","modified_gmt":"2015-03-21T06:00:00","slug":"video-de-obama-a-los-iranies-a-favor-de-un-acuerdo-nuclear","status":"publish","type":"post","link":"https:\/\/plazajuarez.mx\/historico\/video-de-obama-a-los-iranies-a-favor-de-un-acuerdo-nuclear\/","title":{"rendered":"V\u00eddeo de Obama a los iran\u00edes a favor de un acuerdo nuclear"},"content":{"rendered":"<p><span style=\"font-family: verdana,geneva; font-size: 10pt;\">Con motivo del A\u00f1o Nuevo persa y pensando en las decisivas negociaciones que se mantienen con Ir\u00e1n sobre un acuerdo en materia nuclear, Barack Obama grab\u00f3 un v\u00eddeo en el que se dirige directamente al pueblo iran\u00ed. \u00abEste a\u00f1o tenemos la mejor oportunidad en d\u00e9cadas para lograr un futuro diferente entre nuestros pa\u00edses\u00bb, asegur\u00f3 Obama, en una intervenci\u00f3n en ingl\u00e9s con subt\u00edtulos en farsi.<\/span><\/p>\n<p>  <!--more-->  <\/p>\n<p>\u00a0<\/p>\n<p><span style=\"font-family: verdana,geneva; font-size: 10pt;\">El v\u00eddeo se divulg\u00f3 el jueves por la noche, al t\u00e9rmino de un d\u00eda en que los negociadores reunidos en Lausana (Suiza) parecieron indicar que el acuerdo sobre la capacidad nuclear iran\u00ed deber\u00eda esperar a la pr\u00f3xima semana, cerca de la fecha tope del 31 de marzo. Est\u00e1 previsto que las celebraciones de Nowruz, el A\u00f1o Nuevo persa, lleven a suspender durante este fin de semana el plan de trabajo, aunque seguir\u00e1n los contactos. Adem\u00e1s, la muerte de la madre del presidente de Ir\u00e1n, Has\u00e1n Rohani, oblig\u00f3 a que ya el viernes un alto miembro de la delegaci\u00f3n iran\u00ed, familiar del presidente, abandonara Lausana.<\/span><\/p>\n<p><span style=\"font-family: verdana,geneva; font-size: 10pt;\">\u00abLos d\u00edas y semanas por delante ser\u00e1n cr\u00edticos. Nuestras negociaciones han hecho progreso, pero todav\u00eda hay un trecho\u00bb, afirm\u00f3 Obama. En caso de que antes del 31 se llegue a un acuerdo marco, los detalles t\u00e9cnicos se dejar\u00edan para concretar en negociaciones ampliadas hasta junio. Las cinco naciones del Consejo de Seguridad de la ONU (EU, Reino Unido, Francia, China y Rusia) y Alemania negocian con Ir\u00e1n el compromiso de Teher\u00e1n a no desarrollar armas nucleares; a cambio se le retirar\u00edan las sanciones internacionales. (Agencias)<\/span><\/p>\n","protected":false},"excerpt":{"rendered":"<p>Con motivo del A\u00f1o Nuevo persa y pensando en las decisivas negociaciones que se mantienen con Ir\u00e1n sobre un acuerdo en materia nuclear, Barack Obama grab\u00f3 un v\u00eddeo en el que se dirige directamente al pueblo iran\u00ed. \u00abEste a\u00f1o tenemos la mejor oportunidad en d\u00e9cadas para lograr un futuro diferente entre nuestros pa\u00edses\u00bb, asegur\u00f3 Obama, [&hellip;]<\/p>\n","protected":false},"author":93,"featured_media":0,"comment_status":"open","ping_status":"open","sticky":false,"template":"","format":"standard","meta":{"footnotes":""},"categories":[31],"tags":[],"class_list":["post-2593","post","type-post","status-publish","format-standard","hentry","category-orbe"],"_links":{"self":[{"href":"https:\/\/plazajuarez.mx\/historico\/wp-json\/wp\/v2\/posts\/2593","targetHints":{"allow":["GET"]}}],"collection":[{"href":"https:\/\/plazajuarez.mx\/historico\/wp-json\/wp\/v2\/posts"}],"about":[{"href":"https:\/\/plazajuarez.mx\/historico\/wp-json\/wp\/v2\/types\/post"}],"author":[{"embeddable":true,"href":"https:\/\/plazajuarez.mx\/historico\/wp-json\/wp\/v2\/users\/93"}],"replies":[{"embeddable":true,"href":"https:\/\/plazajuarez.mx\/historico\/wp-json\/wp\/v2\/comments?post=2593"}],"version-history":[{"count":0,"href":"https:\/\/plazajuarez.mx\/historico\/wp-json\/wp\/v2\/posts\/2593\/revisions"}],"wp:attachment":[{"href":"https:\/\/plazajuarez.mx\/historico\/wp-json\/wp\/v2\/media?parent=2593"}],"wp:term":[{"taxonomy":"category","embeddable":true,"href":"https:\/\/plazajuarez.mx\/historico\/wp-json\/wp\/v2\/categories?post=2593"},{"taxonomy":"post_tag","embeddable":true,"href":"https:\/\/plazajuarez.mx\/historico\/wp-json\/wp\/v2\/tags?post=2593"}],"curies":[{"name":"wp","href":"https:\/\/api.w.org\/{rel}","templated":true}]}}