{"id":25905,"date":"2016-08-01T11:30:34","date_gmt":"2016-08-01T11:30:34","guid":{"rendered":"http:\/\/plazajuarez.mx\/index\/index.php\/2016\/08\/01\/maestros-acordonaran-accesos-principales-al-cerro-del-fortin\/"},"modified":"2016-08-01T11:30:34","modified_gmt":"2016-08-01T11:30:34","slug":"maestros-acordonaran-accesos-principales-al-cerro-del-fortin","status":"publish","type":"post","link":"https:\/\/plazajuarez.mx\/historico\/maestros-acordonaran-accesos-principales-al-cerro-del-fortin\/","title":{"rendered":"Maestros acordonar\u00e1n accesos principales al Cerro del Fort\u00edn"},"content":{"rendered":"<p>OAXACA\u00a0 <br \/>\u25cf\u00a0\u00a0\u00a0 El integrante de la Comisi\u00f3n Pol\u00edtica de la secci\u00f3n 22, Adri\u00e1n Ram\u00edrez confirm\u00f3 que el acordonamiento al Cerro del Fort\u00edn se acord\u00f3 durante la asamblea estatal que entr\u00f3 en receso poco despu\u00e9s de la 06:00 horas de este domingo<\/p>\n<p>  <!--more-->  <\/p>\n<p>JUCHIT\u00c1N, Oax.- Maestros de la secci\u00f3n del SNTE adheridos a la Coordinadora Nacional de Trabajadores de la Educaci\u00f3n (CNTE) acordaron en asamblea estatal acordonar los tres principales accesos al Cerro del Fort\u00edn, donde se realizar\u00e1 la Guelaguetza, con la finalidad de presionar para que se abrogue la reforma educativa y sean liberados los profesores detenidos.<br \/>El integrante de la Comisi\u00f3n Pol\u00edtica de la secci\u00f3n 22, Adri\u00e1n Ram\u00edrez confirm\u00f3 que el acordonamiento al Cerro del Fort\u00edn se acord\u00f3 durante la asamblea estatal que entr\u00f3 en receso poco despu\u00e9s de la 06:00 horas de este domingo.<br \/>De acuerdo con el plan de acci\u00f3n aprobado por los delegados a la asamblea estatal, los maestros bloquear\u00e1n los accesos cerca del monumento a La Madre, en el crucero del IMSS y sobre la calle Sabino Crespo, de la capital oaxaque\u00f1a.<br \/>Adri\u00e1n Ram\u00edrez explic\u00f3 que el acordonamiento al Cerro del Fort\u00edn no es un acto de provocaci\u00f3n y que tampoco los maestros caer\u00e1n en la provocaci\u00f3n en caso de que los polic\u00edas que resguardan la zona traten de desalojar a los docentes<br \/>Mientras los maestros de Valles Centrales, Costa, Sierra, Tuxtepec y el Istmo acordonen los accesos al Cerro del Fort\u00edn, los docentes de la regi\u00f3n Mixteca dar\u00e1n la cobertura a la primera Octava de la XI Guelaguetza Magisterial que se realizar\u00e1 en Nochixtl\u00e1n<\/p>\n","protected":false},"excerpt":{"rendered":"<p>OAXACA\u00a0 \u25cf\u00a0\u00a0\u00a0 El integrante de la Comisi\u00f3n Pol\u00edtica de la secci\u00f3n 22, Adri\u00e1n Ram\u00edrez confirm\u00f3 que el acordonamiento al Cerro del Fort\u00edn se acord\u00f3 durante la asamblea estatal que entr\u00f3 en receso poco despu\u00e9s de la 06:00 horas de este domingo<\/p>\n","protected":false},"author":93,"featured_media":0,"comment_status":"open","ping_status":"open","sticky":false,"template":"","format":"standard","meta":{"footnotes":""},"categories":[36],"tags":[],"class_list":["post-25905","post","type-post","status-publish","format-standard","hentry","category-nacion"],"_links":{"self":[{"href":"https:\/\/plazajuarez.mx\/historico\/wp-json\/wp\/v2\/posts\/25905","targetHints":{"allow":["GET"]}}],"collection":[{"href":"https:\/\/plazajuarez.mx\/historico\/wp-json\/wp\/v2\/posts"}],"about":[{"href":"https:\/\/plazajuarez.mx\/historico\/wp-json\/wp\/v2\/types\/post"}],"author":[{"embeddable":true,"href":"https:\/\/plazajuarez.mx\/historico\/wp-json\/wp\/v2\/users\/93"}],"replies":[{"embeddable":true,"href":"https:\/\/plazajuarez.mx\/historico\/wp-json\/wp\/v2\/comments?post=25905"}],"version-history":[{"count":0,"href":"https:\/\/plazajuarez.mx\/historico\/wp-json\/wp\/v2\/posts\/25905\/revisions"}],"wp:attachment":[{"href":"https:\/\/plazajuarez.mx\/historico\/wp-json\/wp\/v2\/media?parent=25905"}],"wp:term":[{"taxonomy":"category","embeddable":true,"href":"https:\/\/plazajuarez.mx\/historico\/wp-json\/wp\/v2\/categories?post=25905"},{"taxonomy":"post_tag","embeddable":true,"href":"https:\/\/plazajuarez.mx\/historico\/wp-json\/wp\/v2\/tags?post=25905"}],"curies":[{"name":"wp","href":"https:\/\/api.w.org\/{rel}","templated":true}]}}