{"id":258927,"date":"2023-04-25T06:06:10","date_gmt":"2023-04-25T12:06:10","guid":{"rendered":"https:\/\/plazajuarez.mx\/?p=258927"},"modified":"2023-04-25T06:06:15","modified_gmt":"2023-04-25T12:06:15","slug":"dese-por-enterado-1114","status":"publish","type":"post","link":"https:\/\/plazajuarez.mx\/historico\/dese-por-enterado-1114\/","title":{"rendered":"DESE POR ENTERADO"},"content":{"rendered":"\n<p><strong>NO, NADIE DESEA QUE ALGO GRAVE LE PASE AL PRESIDENTE<\/strong>. \u2013 La necedad en las \u00e1reas de Comunicaci\u00f3n Social de los gobiernos federales, de ocultar por qui\u00e9n sabe qu\u00e9 razones la verdad, provoc\u00f3 el d\u00eda de ayer un verdadero estado de crispaci\u00f3n, porque algunos hasta juraban que hab\u00edan visto desvanecerse al presidente de la Rep\u00fablica, <strong>Andr\u00e9s Manuel L\u00f3pez Obrador<\/strong>, durante su gira por Yucat\u00e1n. Pero otros, en el mismo tenor, juraron y hasta se rieron de \u201csemejante invenci\u00f3n\u201d. El hecho es que todos, aqu\u00ed s\u00ed digo todos, deseamos que el Jefe de la Naci\u00f3n se encuentre bien, que supere lo que sea que tenga. Porque sin duda que algo grave solo traer\u00eda el desmoronamiento del sistema pol\u00edtico mexicano, y no faltar\u00eda la tentaci\u00f3n de alguien, o algunos, de querer dar un golpe de Estado, que, dicho sea de paso, solo lo pueden realizar quienes tienen las armas en su poder. Por el bien de todos, nuestro deseo es que AMLO se recupere de lo que sea que haya padecido o padezca.<\/p>\n\n\n\n<figure class=\"wp-block-image size-full\"><img loading=\"lazy\" decoding=\"async\" width=\"1500\" height=\"1000\" src=\"https:\/\/plazajuarez.mx\/historico\/historico\/wp-content\/uploads\/2023\/04\/NO-NADIE-DESEA-QUE-ALGO-GRAVE-LE-PASE-AL-PRESIDENTE-Facebook-Andres-Manuel-Lopez-Obrador.jpeg\" alt=\"\" class=\"wp-image-258928\" srcset=\"https:\/\/plazajuarez.mx\/historico\/wp-content\/uploads\/2023\/04\/NO-NADIE-DESEA-QUE-ALGO-GRAVE-LE-PASE-AL-PRESIDENTE-Facebook-Andres-Manuel-Lopez-Obrador.jpeg 1500w, https:\/\/plazajuarez.mx\/historico\/wp-content\/uploads\/2023\/04\/NO-NADIE-DESEA-QUE-ALGO-GRAVE-LE-PASE-AL-PRESIDENTE-Facebook-Andres-Manuel-Lopez-Obrador-768x512.jpeg 768w, https:\/\/plazajuarez.mx\/historico\/wp-content\/uploads\/2023\/04\/NO-NADIE-DESEA-QUE-ALGO-GRAVE-LE-PASE-AL-PRESIDENTE-Facebook-Andres-Manuel-Lopez-Obrador-274x183.jpeg 274w, https:\/\/plazajuarez.mx\/historico\/wp-content\/uploads\/2023\/04\/NO-NADIE-DESEA-QUE-ALGO-GRAVE-LE-PASE-AL-PRESIDENTE-Facebook-Andres-Manuel-Lopez-Obrador-80x54.jpeg 80w, https:\/\/plazajuarez.mx\/historico\/wp-content\/uploads\/2023\/04\/NO-NADIE-DESEA-QUE-ALGO-GRAVE-LE-PASE-AL-PRESIDENTE-Facebook-Andres-Manuel-Lopez-Obrador-130x87.jpeg 130w, https:\/\/plazajuarez.mx\/historico\/wp-content\/uploads\/2023\/04\/NO-NADIE-DESEA-QUE-ALGO-GRAVE-LE-PASE-AL-PRESIDENTE-Facebook-Andres-Manuel-Lopez-Obrador-359x240.jpeg 359w, https:\/\/plazajuarez.mx\/historico\/wp-content\/uploads\/2023\/04\/NO-NADIE-DESEA-QUE-ALGO-GRAVE-LE-PASE-AL-PRESIDENTE-Facebook-Andres-Manuel-Lopez-Obrador-85x57.jpeg 85w, https:\/\/plazajuarez.mx\/historico\/wp-content\/uploads\/2023\/04\/NO-NADIE-DESEA-QUE-ALGO-GRAVE-LE-PASE-AL-PRESIDENTE-Facebook-Andres-Manuel-Lopez-Obrador-546x365.jpeg 546w, https:\/\/plazajuarez.mx\/historico\/wp-content\/uploads\/2023\/04\/NO-NADIE-DESEA-QUE-ALGO-GRAVE-LE-PASE-AL-PRESIDENTE-Facebook-Andres-Manuel-Lopez-Obrador-165x109.jpeg 165w, https:\/\/plazajuarez.mx\/historico\/wp-content\/uploads\/2023\/04\/NO-NADIE-DESEA-QUE-ALGO-GRAVE-LE-PASE-AL-PRESIDENTE-Facebook-Andres-Manuel-Lopez-Obrador-112x75.jpeg 112w, https:\/\/plazajuarez.mx\/historico\/wp-content\/uploads\/2023\/04\/NO-NADIE-DESEA-QUE-ALGO-GRAVE-LE-PASE-AL-PRESIDENTE-Facebook-Andres-Manuel-Lopez-Obrador-179x120.jpeg 179w, https:\/\/plazajuarez.mx\/historico\/wp-content\/uploads\/2023\/04\/NO-NADIE-DESEA-QUE-ALGO-GRAVE-LE-PASE-AL-PRESIDENTE-Facebook-Andres-Manuel-Lopez-Obrador-170x113.jpeg 170w, https:\/\/plazajuarez.mx\/historico\/wp-content\/uploads\/2023\/04\/NO-NADIE-DESEA-QUE-ALGO-GRAVE-LE-PASE-AL-PRESIDENTE-Facebook-Andres-Manuel-Lopez-Obrador-81x55.jpeg 81w, https:\/\/plazajuarez.mx\/historico\/wp-content\/uploads\/2023\/04\/NO-NADIE-DESEA-QUE-ALGO-GRAVE-LE-PASE-AL-PRESIDENTE-Facebook-Andres-Manuel-Lopez-Obrador-765x510.jpeg 765w\" sizes=\"auto, (max-width: 1500px) 100vw, 1500px\" \/><\/figure>\n\n\n\n<hr class=\"wp-block-separator has-alpha-channel-opacity\"\/>\n\n\n\n<p><strong>\u00bfY SI MEJOR PUBLICAN UNA REEDICI\u00d3N DEL MANIFIESTO AL PARTIDO COMUNISTA?<\/strong> \u2013 Resulta que los regidores de San Salvador, que gobierna el pr\u00f3cer de la lucha del Continente Bolivariano en contra del \u201ccochino imperialismo yanqui\u201d, <strong>Armando Azpeitia<\/strong>, ya la exigen que publique los diferentes reglamentos aprobados en su administraci\u00f3n, pero que no han entrado en funciones porque no aparecen en el Peri\u00f3dico Oficial del Estado de Hidalgo. Pues bien, el tambi\u00e9n notable integrante de la Real Academia de la Lengua Espa\u00f1ola, contestoles: \u201c\u00a1Ah bribones y tunantes! Toda vez que les hago un favor al parar semejantes reglamentos con faltas terribles de ortograf\u00eda, y no se diga de su infame redacci\u00f3n, me reclaman\u201d. Y agrega: \u201cpero os tengo una inefable noticia: en lugar de gastar en el Peri\u00f3dico Oficial del Estado, le propongo una reedici\u00f3n del Manifiesto del Partido Comunista\u201d, y ya picados \u201cLos Conceptos Elementales del Materialismo Hist\u00f3rico, de mi amiga Martha Harnecker, y de pil\u00f3n un texto de mi autor\u00eda que titular\u00e9: \u201cEl Diario del Che-presidente (Che porque don Armando es poco menos que el Che Guevara, no piensen que por otra raz\u00f3n) Azpeitia\u201d. \u00a1Chulada de anuncio!<\/p>\n\n\n\n<figure class=\"wp-block-image size-full\"><img loading=\"lazy\" decoding=\"async\" width=\"1149\" height=\"861\" src=\"https:\/\/plazajuarez.mx\/historico\/historico\/wp-content\/uploads\/2023\/04\/\u00bfY-SI-MEJOR-PUBLICAN-UNA-REEDICION-DEL-MANIFIESTO-AL-PARTIDO-COMUNISTA-Diario-Plaza-Juarez.jpg\" alt=\"\" class=\"wp-image-258929\" srcset=\"https:\/\/plazajuarez.mx\/historico\/wp-content\/uploads\/2023\/04\/\u00bfY-SI-MEJOR-PUBLICAN-UNA-REEDICION-DEL-MANIFIESTO-AL-PARTIDO-COMUNISTA-Diario-Plaza-Juarez.jpg 1149w, https:\/\/plazajuarez.mx\/historico\/wp-content\/uploads\/2023\/04\/\u00bfY-SI-MEJOR-PUBLICAN-UNA-REEDICION-DEL-MANIFIESTO-AL-PARTIDO-COMUNISTA-Diario-Plaza-Juarez-768x575.jpg 768w\" sizes=\"auto, (max-width: 1149px) 100vw, 1149px\" \/><\/figure>\n\n\n\n<hr class=\"wp-block-separator has-alpha-channel-opacity\"\/>\n\n\n\n<p><strong>\u00a1AY PERCY, TAN DE AL TIRO DESTANTIADO!<\/strong> \u2013 Pues resulta que no, que el Sindicato de Trabajadores al Servicio del Municipio de Pachuca, que dirige el siempre enjundioso, aunque perdido en leyes laborales, <strong>Percy Espinosa<\/strong>, est\u00e1 inhabilitado para poder estallar una huelga, porque simplemente no re\u00fane dos requisitos fundamentales que marca la ley, con todo y las ganas que ten\u00eda el Percy de hacerse el \u201chijo natural de la 4T\u201d. Seg\u00fan la legislaci\u00f3n respectiva, para colocar las banderas rojinegras, la autoridad debi\u00f3 haber violado de manera general y sistem\u00e1tica los derechos de los trabajadores, y tambi\u00e9n exige que dos terceras partes de los empleados, hayan dado su aval. Pues no, sucede que ninguno de los dos se cumple, pero Percy insiste en que paralizar\u00e1 al ayuntamiento, y solo levantar\u00e1 la huelga hasta que otorguen un 20% de incremento salarial. No, pues no, as\u00ed no. Percy vive sus \u00faltimos d\u00edas como l\u00edder sindical.<\/p>\n\n\n\n<figure class=\"wp-block-image size-full\"><img loading=\"lazy\" decoding=\"async\" width=\"1393\" height=\"929\" src=\"https:\/\/plazajuarez.mx\/historico\/historico\/wp-content\/uploads\/2023\/04\/\u00a1AY-PERCY-TAN-DE-AL-TIRO-DESTANTIADO-Archivo.jpg\" alt=\"\" class=\"wp-image-258930\" srcset=\"https:\/\/plazajuarez.mx\/historico\/wp-content\/uploads\/2023\/04\/\u00a1AY-PERCY-TAN-DE-AL-TIRO-DESTANTIADO-Archivo.jpg 1393w, https:\/\/plazajuarez.mx\/historico\/wp-content\/uploads\/2023\/04\/\u00a1AY-PERCY-TAN-DE-AL-TIRO-DESTANTIADO-Archivo-768x512.jpg 768w, https:\/\/plazajuarez.mx\/historico\/wp-content\/uploads\/2023\/04\/\u00a1AY-PERCY-TAN-DE-AL-TIRO-DESTANTIADO-Archivo-274x183.jpg 274w, https:\/\/plazajuarez.mx\/historico\/wp-content\/uploads\/2023\/04\/\u00a1AY-PERCY-TAN-DE-AL-TIRO-DESTANTIADO-Archivo-80x54.jpg 80w, https:\/\/plazajuarez.mx\/historico\/wp-content\/uploads\/2023\/04\/\u00a1AY-PERCY-TAN-DE-AL-TIRO-DESTANTIADO-Archivo-130x87.jpg 130w, https:\/\/plazajuarez.mx\/historico\/wp-content\/uploads\/2023\/04\/\u00a1AY-PERCY-TAN-DE-AL-TIRO-DESTANTIADO-Archivo-359x240.jpg 359w, https:\/\/plazajuarez.mx\/historico\/wp-content\/uploads\/2023\/04\/\u00a1AY-PERCY-TAN-DE-AL-TIRO-DESTANTIADO-Archivo-85x57.jpg 85w, https:\/\/plazajuarez.mx\/historico\/wp-content\/uploads\/2023\/04\/\u00a1AY-PERCY-TAN-DE-AL-TIRO-DESTANTIADO-Archivo-546x365.jpg 546w, https:\/\/plazajuarez.mx\/historico\/wp-content\/uploads\/2023\/04\/\u00a1AY-PERCY-TAN-DE-AL-TIRO-DESTANTIADO-Archivo-165x109.jpg 165w, https:\/\/plazajuarez.mx\/historico\/wp-content\/uploads\/2023\/04\/\u00a1AY-PERCY-TAN-DE-AL-TIRO-DESTANTIADO-Archivo-112x75.jpg 112w, https:\/\/plazajuarez.mx\/historico\/wp-content\/uploads\/2023\/04\/\u00a1AY-PERCY-TAN-DE-AL-TIRO-DESTANTIADO-Archivo-179x120.jpg 179w, https:\/\/plazajuarez.mx\/historico\/wp-content\/uploads\/2023\/04\/\u00a1AY-PERCY-TAN-DE-AL-TIRO-DESTANTIADO-Archivo-170x113.jpg 170w, https:\/\/plazajuarez.mx\/historico\/wp-content\/uploads\/2023\/04\/\u00a1AY-PERCY-TAN-DE-AL-TIRO-DESTANTIADO-Archivo-81x55.jpg 81w, https:\/\/plazajuarez.mx\/historico\/wp-content\/uploads\/2023\/04\/\u00a1AY-PERCY-TAN-DE-AL-TIRO-DESTANTIADO-Archivo-765x510.jpg 765w\" sizes=\"auto, (max-width: 1393px) 100vw, 1393px\" \/><\/figure>\n\n\n\n<hr class=\"wp-block-separator has-alpha-channel-opacity\"\/>\n\n\n\n<p><strong>ALZA LA MANO NAVOR ROJAS POR PACHUCA<\/strong>. \u2013 Ya le platicar\u00e9 en la pr\u00f3xima, que el diputado tricolor, <strong>Alejandro Encizo,y el empresario, Benjam\u00edn Rico Moreno<\/strong>, encabezan la terna, si agregamos a la mism\u00edsima <strong>Carolina Viggiano<\/strong>, de posibles candidatos a la alcald\u00eda de Pachuca. Pero hoy, en estos momentos, estoy en condiciones de informarles que la lista de Morena ya creci\u00f3, y la buscan: el senador, <strong>Navor Rojas Mancera<\/strong>; apenas ayer se apunt\u00f3 <strong>Ricardo Crespo<\/strong>, y adem\u00e1s el que \u201clima asperezas\u201d, <strong>Jos\u00e9 Luis Lima Morales<\/strong>, este \u00faltimo por quien le d\u00e9 cobijo. A ver qu\u00e9 pasa.<\/p>\n\n\n\n<figure class=\"wp-block-image size-full\"><img loading=\"lazy\" decoding=\"async\" width=\"1600\" height=\"1600\" src=\"https:\/\/plazajuarez.mx\/historico\/historico\/wp-content\/uploads\/2023\/04\/ALZA-LA-MANO-NAVOR-ROJAS-POR-PACHUCA-Facebook-Navor-Rojas-.jpeg\" alt=\"\" class=\"wp-image-258931\" srcset=\"https:\/\/plazajuarez.mx\/historico\/wp-content\/uploads\/2023\/04\/ALZA-LA-MANO-NAVOR-ROJAS-POR-PACHUCA-Facebook-Navor-Rojas-.jpeg 1600w, https:\/\/plazajuarez.mx\/historico\/wp-content\/uploads\/2023\/04\/ALZA-LA-MANO-NAVOR-ROJAS-POR-PACHUCA-Facebook-Navor-Rojas--768x768.jpeg 768w, https:\/\/plazajuarez.mx\/historico\/wp-content\/uploads\/2023\/04\/ALZA-LA-MANO-NAVOR-ROJAS-POR-PACHUCA-Facebook-Navor-Rojas--1536x1536.jpeg 1536w, https:\/\/plazajuarez.mx\/historico\/wp-content\/uploads\/2023\/04\/ALZA-LA-MANO-NAVOR-ROJAS-POR-PACHUCA-Facebook-Navor-Rojas--36x36.jpeg 36w\" sizes=\"auto, (max-width: 1600px) 100vw, 1600px\" \/><\/figure>\n\n\n\n<hr class=\"wp-block-separator has-alpha-channel-opacity\"\/>\n\n\n\n<p><strong>Aviso para que no digan: Esta columna se nutre de comentarios recabados por agencias del Recontra-Espionaje, muy similares a las que populariz\u00f3 el \u201cS\u00faper Agente 86\u201d en sus tiempos. Como tal lo que publicamos puede que sea cierto, puede que no, o todo lo contrario. Est\u00e1 usted en libertad de creer o no lo que lee, recontra-enojarse, recontra- carcajearse y hasta recontra-recordarnos a nuestra jefecita (nosotros recontra-haremos lo propio). Avisado est\u00e1 usted.&nbsp;<\/strong><\/p>\n\n\n\n<p><strong>desexenterado@gmail.com @desexenterado&nbsp;<\/strong><\/p>\n","protected":false},"excerpt":{"rendered":"<p>NO, NADIE DESEA QUE ALGO GRAVE LE PASE AL PRESIDENTE. \u2013 La necedad en las \u00e1reas de Comunicaci\u00f3n Social de los gobiernos federales, de ocultar por qui\u00e9n sabe qu\u00e9 razones la verdad, provoc\u00f3 el d\u00eda de ayer un verdadero estado de crispaci\u00f3n, porque algunos hasta juraban que hab\u00edan visto desvanecerse al presidente de la Rep\u00fablica, [&hellip;]<\/p>\n","protected":false},"author":93,"featured_media":234681,"comment_status":"closed","ping_status":"closed","sticky":false,"template":"","format":"standard","meta":{"footnotes":""},"categories":[83],"tags":[],"class_list":["post-258927","post","type-post","status-publish","format-standard","has-post-thumbnail","hentry","category-dese-por-enterado"],"_links":{"self":[{"href":"https:\/\/plazajuarez.mx\/historico\/wp-json\/wp\/v2\/posts\/258927","targetHints":{"allow":["GET"]}}],"collection":[{"href":"https:\/\/plazajuarez.mx\/historico\/wp-json\/wp\/v2\/posts"}],"about":[{"href":"https:\/\/plazajuarez.mx\/historico\/wp-json\/wp\/v2\/types\/post"}],"author":[{"embeddable":true,"href":"https:\/\/plazajuarez.mx\/historico\/wp-json\/wp\/v2\/users\/93"}],"replies":[{"embeddable":true,"href":"https:\/\/plazajuarez.mx\/historico\/wp-json\/wp\/v2\/comments?post=258927"}],"version-history":[{"count":0,"href":"https:\/\/plazajuarez.mx\/historico\/wp-json\/wp\/v2\/posts\/258927\/revisions"}],"wp:featuredmedia":[{"embeddable":true,"href":"https:\/\/plazajuarez.mx\/historico\/wp-json\/wp\/v2\/media\/234681"}],"wp:attachment":[{"href":"https:\/\/plazajuarez.mx\/historico\/wp-json\/wp\/v2\/media?parent=258927"}],"wp:term":[{"taxonomy":"category","embeddable":true,"href":"https:\/\/plazajuarez.mx\/historico\/wp-json\/wp\/v2\/categories?post=258927"},{"taxonomy":"post_tag","embeddable":true,"href":"https:\/\/plazajuarez.mx\/historico\/wp-json\/wp\/v2\/tags?post=258927"}],"curies":[{"name":"wp","href":"https:\/\/api.w.org\/{rel}","templated":true}]}}