{"id":258897,"date":"2023-04-24T17:52:05","date_gmt":"2023-04-24T23:52:05","guid":{"rendered":"https:\/\/plazajuarez.mx\/?p=258897"},"modified":"2023-04-24T19:18:25","modified_gmt":"2023-04-25T01:18:25","slug":"desfile_-3","status":"publish","type":"post","link":"https:\/\/plazajuarez.mx\/historico\/desfile_-3\/","title":{"rendered":"Pr\u00f3ximo domingo desfile conmemorativo al d\u00eda de la ni\u00f1a y\u00a0el ni\u00f1o en Tulancingo"},"content":{"rendered":"\n<p>Dentro del amplio programa de actividades para celebrar el d\u00eda de la ni\u00f1a y el ni\u00f1o,&nbsp; el pr\u00f3ximo domingo a partir de las 9:30 horas se realizar\u00e1 un magno desfile que tendr\u00e1 como&nbsp; punto de inicio la Calzada 5 de mayo esquina con Libertad.<\/p>\n\n\n\n<p>La distancia a recorrer por el contingente ser\u00e1&nbsp; de 2.8 km y se han preparado grandes sorpresas para las familias que acudan.<\/p>\n\n\n\n<p>Los ni\u00f1os podr\u00e1n observar y saludar a sus personajes favoritos, mismos que desfilar\u00e1n con botargas e igualmente se sumar\u00e1n luchadores, payasos, banda musical y unidades oficiales de corporaciones as\u00ed como ambulancias de instituciones de auxilio como Bomberos y Cruz Roja.<\/p>\n\n\n\n<p>La ruta de este desfile ser\u00e1: Libertad, &nbsp; Avenida 21 de marzo hasta Bravo y posteriormente incorporarse a Luis Ponce. Enseguida se tomar\u00e1 Hidalgo,&nbsp; Avenida Ju\u00e1rez y&nbsp; luego&nbsp; Zaragoza para culminar en la Floresta, donde tendr\u00e1 lugar el evento central, con m\u00faltiples actividades.&nbsp;<\/p>\n\n\n\n<p>Jes\u00fas Garc\u00eda \u00c1vila, Director de Bomberos y Protecci\u00f3n Civil anticip\u00f3 que ser\u00e1 un evento de gran lucimiento y calidad, realizado por primera vez con contenido tem\u00e1tico y&nbsp; con&nbsp; todo el cari\u00f1o para los ni\u00f1os de Tulancingo y la regi\u00f3n que lo presencien.<\/p>\n\n\n\n<p>El desfile ser\u00e1 encabezado por la m\u00fasica y baile de la Banda del centro de maestros de Chignahuapan, prometiendo ser un espect\u00e1culo lleno de festividad.&nbsp;<\/p>\n\n\n\n<p>Es inter\u00e9s del alcalde Jorge M\u00e1rquez Alvarado y de la Presidenta del Sistema DIF llevar&nbsp; sonrisas a los peque\u00f1os pero tambi\u00e9n,&nbsp; ilusi\u00f3n, diversi\u00f3n y magia, en un d\u00eda por dem\u00e1s especial. Se inform\u00f3 que desde temprana hora, la Direcci\u00f3n de Movilidad y Transporte desarrollar\u00e1 el operativo correspondiente para que las calles a utilizar est\u00e9n liberadas.<\/p>\n\n\n\n<p>Se recomend\u00f3 a quienes asistan a este desfile y en general a toda la&nbsp; celebraci\u00f3n, acudir oportunamente para colocarse en sitios con sombra y de preferencia llevar una sombrilla y suficiente hidrataci\u00f3n a fin de evitar golpe de calor<\/p>\n\n\n\n<p>Se deber\u00e1 tener cuidado especial con ni\u00f1os y adultos mayores e igualmente, para los&nbsp; m\u00e1s peque\u00f1os no perderlos de vista para evitar extrav\u00edos.<\/p>\n\n\n\n<p>En suma, ser\u00e1 un l\u00facido evento que tiene como prop\u00f3sito reafirmar el derecho de los ni\u00f1os y las ni\u00f1as&nbsp; a una etapa feliz, siendo esto fundamental para su desarrollo pleno e integral como seres humanos.<\/p>\n","protected":false},"excerpt":{"rendered":"<p>Dentro del amplio programa de actividades para celebrar el d\u00eda de la ni\u00f1a y el ni\u00f1o,&nbsp; el pr\u00f3ximo domingo a partir de las 9:30 horas se realizar\u00e1 un magno desfile que tendr\u00e1 como&nbsp; punto de inicio la Calzada 5 de mayo esquina con Libertad. La distancia a recorrer por el contingente ser\u00e1&nbsp; de 2.8 km [&hellip;]<\/p>\n","protected":false},"author":93,"featured_media":258903,"comment_status":"closed","ping_status":"closed","sticky":false,"template":"","format":"standard","meta":{"footnotes":""},"categories":[15,2159,40],"tags":[],"class_list":["post-258897","post","type-post","status-publish","format-standard","has-post-thumbnail","hentry","category-destacadas","category-noticias-de-hidalgo","category-region"],"_links":{"self":[{"href":"https:\/\/plazajuarez.mx\/historico\/wp-json\/wp\/v2\/posts\/258897","targetHints":{"allow":["GET"]}}],"collection":[{"href":"https:\/\/plazajuarez.mx\/historico\/wp-json\/wp\/v2\/posts"}],"about":[{"href":"https:\/\/plazajuarez.mx\/historico\/wp-json\/wp\/v2\/types\/post"}],"author":[{"embeddable":true,"href":"https:\/\/plazajuarez.mx\/historico\/wp-json\/wp\/v2\/users\/93"}],"replies":[{"embeddable":true,"href":"https:\/\/plazajuarez.mx\/historico\/wp-json\/wp\/v2\/comments?post=258897"}],"version-history":[{"count":0,"href":"https:\/\/plazajuarez.mx\/historico\/wp-json\/wp\/v2\/posts\/258897\/revisions"}],"wp:featuredmedia":[{"embeddable":true,"href":"https:\/\/plazajuarez.mx\/historico\/wp-json\/wp\/v2\/media\/258903"}],"wp:attachment":[{"href":"https:\/\/plazajuarez.mx\/historico\/wp-json\/wp\/v2\/media?parent=258897"}],"wp:term":[{"taxonomy":"category","embeddable":true,"href":"https:\/\/plazajuarez.mx\/historico\/wp-json\/wp\/v2\/categories?post=258897"},{"taxonomy":"post_tag","embeddable":true,"href":"https:\/\/plazajuarez.mx\/historico\/wp-json\/wp\/v2\/tags?post=258897"}],"curies":[{"name":"wp","href":"https:\/\/api.w.org\/{rel}","templated":true}]}}