{"id":258893,"date":"2023-04-24T14:40:51","date_gmt":"2023-04-24T20:40:51","guid":{"rendered":"https:\/\/plazajuarez.mx\/?p=258893"},"modified":"2023-04-24T14:41:36","modified_gmt":"2023-04-24T20:41:36","slug":"paquita_-3","status":"publish","type":"post","link":"https:\/\/plazajuarez.mx\/historico\/paquita_-3\/","title":{"rendered":"Paquita la del Barrio se retracta, no se va de los escenarios"},"content":{"rendered":"\n<p>Paquita la del Barrio nunca quiso retirarse de los escenarios, sino que fue el estado tan delicado de salud en el que se vio envuelta la que la orill\u00f3 a tomar la decisi\u00f3n de dejar de presentarse en los palenques, que la vieron crecer como artista desde sus inicios, sin embargo, acaba de informar que todav\u00eda hay Paquita para rato, pues asegur\u00f3 que mientras su salud se lo permita ella seguir\u00e1 ofreciendo shows.<\/p>\n\n\n\n<p>Fue el pasado 2 de abril, el d\u00eda en que Paquita la del Barrio, cumpli\u00f3 76 a\u00f1os, cuando dio a conocer mientras se presentaba en la Feria de Texcoco, mismo festival donde debut\u00f3 hace 39 a\u00f1os, en 1984, que se retirar\u00eda de los palenques, uno de los recintos en que se presenta m\u00e1s recurrentemente, debido a que los problemas de salud que ha padecido desde hace tiempo, derivados de una ci\u00e1nica y una \u00falcera estomacal, le imped\u00edan presentarse al 100 por ciento arriba de los escenarios.<\/p>\n\n\n\n<p>&#8220;Me da pena presentarme as\u00ed, pero no les pod\u00eda fallar agradezco su cari\u00f1o y amor, sigan orando por m\u00ed&#8221;, dijo la int\u00e9rprete de &#8220;Rata de dos patas&#8221; que dio el concierto sentada en un sill\u00f3n.<\/p>\n\n\n\n<p>Cabe recordar que antes de esta presentaci\u00f3n, a mediados de febrero, Paquita tuvo que fallar a un compromiso que ten\u00eda pactado con la alcald\u00eda Cuauht\u00e9moc en la que se presentar\u00eda con motivo de la celebraci\u00f3n del D\u00eda del Amor y la Amistad, ya que la cantante no pudo levantarse debido a los efectos anest\u00e9sicos de un medicamentos que estaba ingiriendo para controlar la molestias que le produc\u00eda la ci\u00e1tica, por lo que Ana B\u00e1rbara, que abrir\u00eda el evento, tuvo que encargarse del acto principal del show, tal y como lo notific\u00f3 el representante de la cantante de &#8220;Tres veces te enga\u00f1\u00e9&#8221;.<\/p>\n\n\n\n<p>Sin embargo, parece que el panorama ha mejorado para la cantante, quien mostr\u00f3 su tristeza desde que comparti\u00f3 de que se alejar\u00eda de los palenques, pues este fin de semana fue abordada por medios de comunicaci\u00f3n y, para las c\u00e1maras de &#8220;Venga la alegr\u00eda&#8221;, pues dijo ante las c\u00e1maras que no se va y que, mientras las posibilidades se lo permitan, ella seguir\u00e1 ofreciendo conciertos al p\u00fablico que le es fiel desde que incursion\u00f3 en la m\u00fasica.<\/p>\n\n\n\n<p>&#8220;Yo no me desped\u00ed, no me he despedido, (seguir\u00e9 present\u00e1ndome) si es posible s\u00ed&#8221;, expres\u00f3. Adem\u00e1s, habl\u00f3 de su estado de salud actual: &#8220;Bien, yo ni s\u00e9 qu\u00e9 es la ci\u00e1tica, estoy bien&#8221;.<\/p>\n\n\n\n<p>Finalmente, la artista mexicana inform\u00f3 que seguir\u00e1 present\u00e1ndose en concierto en una gira alrededor de Estados Unidos, adem\u00e1s de un concierto que ofrecer\u00e1 a lado de Ana B\u00e1rbara a prop\u00f3sito del D\u00eda de las Madres, el cual se llevar\u00e1 a cabo en el Auditorio Telmex en Zapopan, Jalisco.<\/p>\n","protected":false},"excerpt":{"rendered":"<p>Paquita la del Barrio nunca quiso retirarse de los escenarios, sino que fue el estado tan delicado de salud en el que se vio envuelta la que la orill\u00f3 a tomar la decisi\u00f3n de dejar de presentarse en los palenques, que la vieron crecer como artista desde sus inicios, sin embargo, acaba de informar que [&hellip;]<\/p>\n","protected":false},"author":81,"featured_media":258895,"comment_status":"closed","ping_status":"closed","sticky":false,"template":"","format":"standard","meta":{"footnotes":""},"categories":[15,38],"tags":[],"class_list":["post-258893","post","type-post","status-publish","format-standard","has-post-thumbnail","hentry","category-destacadas","category-show"],"_links":{"self":[{"href":"https:\/\/plazajuarez.mx\/historico\/wp-json\/wp\/v2\/posts\/258893","targetHints":{"allow":["GET"]}}],"collection":[{"href":"https:\/\/plazajuarez.mx\/historico\/wp-json\/wp\/v2\/posts"}],"about":[{"href":"https:\/\/plazajuarez.mx\/historico\/wp-json\/wp\/v2\/types\/post"}],"author":[{"embeddable":true,"href":"https:\/\/plazajuarez.mx\/historico\/wp-json\/wp\/v2\/users\/81"}],"replies":[{"embeddable":true,"href":"https:\/\/plazajuarez.mx\/historico\/wp-json\/wp\/v2\/comments?post=258893"}],"version-history":[{"count":0,"href":"https:\/\/plazajuarez.mx\/historico\/wp-json\/wp\/v2\/posts\/258893\/revisions"}],"wp:featuredmedia":[{"embeddable":true,"href":"https:\/\/plazajuarez.mx\/historico\/wp-json\/wp\/v2\/media\/258895"}],"wp:attachment":[{"href":"https:\/\/plazajuarez.mx\/historico\/wp-json\/wp\/v2\/media?parent=258893"}],"wp:term":[{"taxonomy":"category","embeddable":true,"href":"https:\/\/plazajuarez.mx\/historico\/wp-json\/wp\/v2\/categories?post=258893"},{"taxonomy":"post_tag","embeddable":true,"href":"https:\/\/plazajuarez.mx\/historico\/wp-json\/wp\/v2\/tags?post=258893"}],"curies":[{"name":"wp","href":"https:\/\/api.w.org\/{rel}","templated":true}]}}