{"id":258854,"date":"2023-04-24T12:22:12","date_gmt":"2023-04-24T18:22:12","guid":{"rendered":"https:\/\/plazajuarez.mx\/?p=258854"},"modified":"2023-04-24T12:22:17","modified_gmt":"2023-04-24T18:22:17","slug":"desmienten-infarto-y-rumores-sobre-salud-de-lopez-obrador","status":"publish","type":"post","link":"https:\/\/plazajuarez.mx\/historico\/desmienten-infarto-y-rumores-sobre-salud-de-lopez-obrador\/","title":{"rendered":"Desmienten infarto y rumores sobre salud de L\u00f3pez Obrador"},"content":{"rendered":"\n<p>El secretario de Gobernaci\u00f3n de M\u00e9xico, Ad\u00e1n Augusto L\u00f3pez, desminti\u00f3 este lunes que el presidente, Andr\u00e9s Manuel L\u00f3pez Obrador, haya sufrido un infarto ante los rumores sobre la salud del mandatario debido a su contagio de covid-19.<\/p>\n\n\n\n<p>\u201cNo hay nada de eso, eso quisieran, pero goza de cabal de salud. \u00c9l mismo lo dijo ayer, est\u00e1 al 100 % en cuanto a su salud cardiaca. Y bueno, yo creo que a nadie debe asustar el que haya resultado con contagio de covid&#8221;, indic\u00f3 L\u00f3pez, quien sustituye al presidente en las conferencias diarias del Gobierno.<\/p>\n\n\n\n<p>L\u00f3pez Obrador inform\u00f3 el domingo de su contagio de la covid-19 mientras hac\u00eda una gira en Yucat\u00e1n, en el sureste del pa\u00eds.<\/p>\n\n\n\n<p>La salud del mandatario, de 69 a\u00f1os, causa inquietud porque ya hab\u00eda enfermado de covid-19 dos veces, la primera en enero de 2021 y la segunda en enero de 2022.<\/p>\n\n\n\n<p>Adem\u00e1s, el gobernante mexicano padece de hipertensi\u00f3n, en enero de 2022 tuvo un cateterismo, una exploraci\u00f3n en el coraz\u00f3n, y en diciembre de 2013 sufri\u00f3 un infarto agudo de miocardio, por lo que entonces tuvo una cirug\u00eda coronaria.<\/p>\n\n\n\n<p>Pero el secretario de Gobernaci\u00f3n, el principal cargo del Gobierno despu\u00e9s de la presidencia, critic\u00f3 las especulaciones desatadas por el contagio del mandatario.<\/p>\n\n\n\n<p>\u201cSon maledicencias, eso quisieran ellos. Reitero, el presidente goza de cabal de salud, con los s\u00edntomas propios de un tercer contagio de covid-19, como \u00e9l mismo lo inform\u00f3, y est\u00e1 en plena recuperaci\u00f3n, y seguramente en los pr\u00f3ximos d\u00edas reanudar\u00e1 de manera normal sus actividades\u201d, sostuvo.<\/p>\n\n\n\n<p>En particular, L\u00f3pez afirm\u00f3 que el presidente vol\u00f3 de forma regular a Ciudad de M\u00e9xico, donde est\u00e1 en el Palacio Nacional, ante la informaci\u00f3n que circul\u00f3 sobre que estaba en un hospital.<\/p>\n\n\n\n<p>Y desminti\u00f3 que L\u00f3pez Obrador se haya desvanecido durante su gira, como reportaron medios locales en Yucat\u00e1n.<\/p>\n\n\n\n<p>\u201cEs una absoluta mentira, no ser\u00e1 la primera vez ni la \u00faltima, seguramente, que miente el Diario de Yucat\u00e1n, yo ya relat\u00e9 c\u00f3mo se dieron los acontecimientos\u201d, asever\u00f3.<\/p>\n\n\n\n<p>\u201cLas especulaciones son producto de la malquerencia de algunos&#8221;, apunt\u00f3.<\/p>\n\n\n\n<p>El secretario reafirm\u00f3 que L\u00f3pez Obrador &#8220;est\u00e1 aislado, recibiendo atenci\u00f3n y guardando reposo\u201d, por lo que descart\u00f3 mayores afectaciones a su salud.<\/p>\n\n\n\n<p>\u201cEst\u00e1 al 100 %, ustedes y a los mexicanos les consta la agenda de trabajo que desarrolla de lunes a domingo los 365 d\u00edas del a\u00f1o, y mantiene un perfecto estado de salud\u201d, remarc\u00f3.<\/p>\n","protected":false},"excerpt":{"rendered":"<p>El secretario de Gobernaci\u00f3n de M\u00e9xico, Ad\u00e1n Augusto L\u00f3pez, desminti\u00f3 este lunes que el presidente, Andr\u00e9s Manuel L\u00f3pez Obrador, haya sufrido un infarto ante los rumores sobre la salud del mandatario debido a su contagio de covid-19. \u201cNo hay nada de eso, eso quisieran, pero goza de cabal de salud. \u00c9l mismo lo dijo ayer, [&hellip;]<\/p>\n","protected":false},"author":80,"featured_media":255922,"comment_status":"closed","ping_status":"closed","sticky":false,"template":"","format":"standard","meta":{"footnotes":""},"categories":[15,36],"tags":[],"class_list":["post-258854","post","type-post","status-publish","format-standard","has-post-thumbnail","hentry","category-destacadas","category-nacion"],"_links":{"self":[{"href":"https:\/\/plazajuarez.mx\/historico\/wp-json\/wp\/v2\/posts\/258854","targetHints":{"allow":["GET"]}}],"collection":[{"href":"https:\/\/plazajuarez.mx\/historico\/wp-json\/wp\/v2\/posts"}],"about":[{"href":"https:\/\/plazajuarez.mx\/historico\/wp-json\/wp\/v2\/types\/post"}],"author":[{"embeddable":true,"href":"https:\/\/plazajuarez.mx\/historico\/wp-json\/wp\/v2\/users\/80"}],"replies":[{"embeddable":true,"href":"https:\/\/plazajuarez.mx\/historico\/wp-json\/wp\/v2\/comments?post=258854"}],"version-history":[{"count":0,"href":"https:\/\/plazajuarez.mx\/historico\/wp-json\/wp\/v2\/posts\/258854\/revisions"}],"wp:featuredmedia":[{"embeddable":true,"href":"https:\/\/plazajuarez.mx\/historico\/wp-json\/wp\/v2\/media\/255922"}],"wp:attachment":[{"href":"https:\/\/plazajuarez.mx\/historico\/wp-json\/wp\/v2\/media?parent=258854"}],"wp:term":[{"taxonomy":"category","embeddable":true,"href":"https:\/\/plazajuarez.mx\/historico\/wp-json\/wp\/v2\/categories?post=258854"},{"taxonomy":"post_tag","embeddable":true,"href":"https:\/\/plazajuarez.mx\/historico\/wp-json\/wp\/v2\/tags?post=258854"}],"curies":[{"name":"wp","href":"https:\/\/api.w.org\/{rel}","templated":true}]}}