{"id":258850,"date":"2023-04-24T11:28:30","date_gmt":"2023-04-24T17:28:30","guid":{"rendered":"https:\/\/plazajuarez.mx\/?p=258850"},"modified":"2023-04-24T11:28:36","modified_gmt":"2023-04-24T17:28:36","slug":"iniciaron-capacitacion-para-mandos-de-la-policia-del-estado","status":"publish","type":"post","link":"https:\/\/plazajuarez.mx\/historico\/iniciaron-capacitacion-para-mandos-de-la-policia-del-estado\/","title":{"rendered":"Iniciaron capacitaci\u00f3n para mandos de la Polic\u00eda del Estado"},"content":{"rendered":"\n<p>La Secretar\u00eda de Seguridad P\u00fablica de Hidalgo, dio a conocer que en el marco del Lunes C\u00edvico, la ma\u00f1ana de este lunes se dio inicio al Curso de Mandos de la Polic\u00eda Estatal, en las instalaciones del Instituto de Formaci\u00f3n Profesional, ubicado en la localidad de Palma Gorda.<\/p>\n\n\n\n<p>En el lugar, personal especializado se har\u00e1 cargo de las labores de capacitaci\u00f3n a los elementos en los diferentes rubros y \u00e1reas operativas a fin de profesionaliza su labor y seleccionar los mejores perfiles que ocupar\u00e1n distintas responsabilidades en la entidad.<\/p>\n\n\n\n<p>Asimismo, se dio la bienvenida a la d\u00e9cimo s\u00e9ptima generaci\u00f3n de cadetes, quienes cursar\u00e1n la carrera de T\u00e9cnico Superior Universitario en Seguridad P\u00fablica.<\/p>\n\n\n\n<p>Durante su mensaje, el comisario general, Salvador Cruz Neri, exhort\u00f3 a todo el personal a cumplir con las metas del curso con responsabilidad y compromiso.<\/p>\n","protected":false},"excerpt":{"rendered":"<p>La Secretar\u00eda de Seguridad P\u00fablica de Hidalgo, dio a conocer que en el marco del Lunes C\u00edvico, la ma\u00f1ana de este lunes se dio inicio al Curso de Mandos de la Polic\u00eda Estatal, en las instalaciones del Instituto de Formaci\u00f3n Profesional, ubicado en la localidad de Palma Gorda. En el lugar, personal especializado se har\u00e1 [&hellip;]<\/p>\n","protected":false},"author":93,"featured_media":258851,"comment_status":"closed","ping_status":"closed","sticky":false,"template":"","format":"standard","meta":{"footnotes":""},"categories":[37],"tags":[],"class_list":["post-258850","post","type-post","status-publish","format-standard","has-post-thumbnail","hentry","category-barandilla"],"_links":{"self":[{"href":"https:\/\/plazajuarez.mx\/historico\/wp-json\/wp\/v2\/posts\/258850","targetHints":{"allow":["GET"]}}],"collection":[{"href":"https:\/\/plazajuarez.mx\/historico\/wp-json\/wp\/v2\/posts"}],"about":[{"href":"https:\/\/plazajuarez.mx\/historico\/wp-json\/wp\/v2\/types\/post"}],"author":[{"embeddable":true,"href":"https:\/\/plazajuarez.mx\/historico\/wp-json\/wp\/v2\/users\/93"}],"replies":[{"embeddable":true,"href":"https:\/\/plazajuarez.mx\/historico\/wp-json\/wp\/v2\/comments?post=258850"}],"version-history":[{"count":0,"href":"https:\/\/plazajuarez.mx\/historico\/wp-json\/wp\/v2\/posts\/258850\/revisions"}],"wp:featuredmedia":[{"embeddable":true,"href":"https:\/\/plazajuarez.mx\/historico\/wp-json\/wp\/v2\/media\/258851"}],"wp:attachment":[{"href":"https:\/\/plazajuarez.mx\/historico\/wp-json\/wp\/v2\/media?parent=258850"}],"wp:term":[{"taxonomy":"category","embeddable":true,"href":"https:\/\/plazajuarez.mx\/historico\/wp-json\/wp\/v2\/categories?post=258850"},{"taxonomy":"post_tag","embeddable":true,"href":"https:\/\/plazajuarez.mx\/historico\/wp-json\/wp\/v2\/tags?post=258850"}],"curies":[{"name":"wp","href":"https:\/\/api.w.org\/{rel}","templated":true}]}}