{"id":258684,"date":"2023-04-22T12:00:00","date_gmt":"2023-04-22T18:00:00","guid":{"rendered":"https:\/\/plazajuarez.mx\/?p=258684"},"modified":"2023-04-22T12:25:05","modified_gmt":"2023-04-22T18:25:05","slug":"padres-de-debanhi-escobar-dicen-tener-informacion-de-feminicidas-de-su-hija","status":"publish","type":"post","link":"https:\/\/plazajuarez.mx\/historico\/padres-de-debanhi-escobar-dicen-tener-informacion-de-feminicidas-de-su-hija\/","title":{"rendered":"Padres de Debanhi Escobar dicen tener informaci\u00f3n de feminicidas de su hija"},"content":{"rendered":"\n<p class=\"wp-block-paragraph\">A un a\u00f1o del caso de desaparici\u00f3n y feminicidio de la mexicana Debanhi Susana Escobar en Nuevo Le\u00f3n, en el norte de M\u00e9xico, su padre, Mario Escobar, asegur\u00f3 tener informaci\u00f3n sobre los presuntos responsables, pero que la corrupci\u00f3n de las autoridades no han dejado avanzar la investigaci\u00f3n.<\/p>\n\n\n\n<p class=\"wp-block-paragraph\">\u201cEstamos cerca (del esclarecimiento del caso) con toda la informaci\u00f3n que tenemos, pero necesitamos primero que se acabe la corrupci\u00f3n en la Fiscal\u00eda de Nuevo Le\u00f3n, hay mucho detr\u00e1s de la Fiscal\u00eda\u201d, sostuvo.<\/p>\n\n\n\n<p class=\"wp-block-paragraph\">Mencion\u00f3 que son varios los responsables del caso de su hija y sabe a qui\u00e9nes est\u00e1n protegiendo, pero no dio mayores datos.<\/p>\n\n\n\n<p class=\"wp-block-paragraph\">&#8220;Estamos cerca de los feminicidas de Debanhi, no vamos a descansar hasta que se pudran en la c\u00e1rcel. No vamos a descansar hasta encontrarlos&#8221;, estableci\u00f3.<\/p>\n\n\n\n<p class=\"wp-block-paragraph\">Debanhi Escobar desapareci\u00f3 el 9 de abril del a\u00f1o pasado tras acudir a una fiesta en una quinta de Escobedo y 12 d\u00edas despu\u00e9s su cuerpo fue hallado en una cisterna en desuso del motel Nueva Castilla, cerca del sitio en donde fue vista por \u00faltima vez con vida.<\/p>\n\n\n\n<p class=\"wp-block-paragraph\">Este viernes, los padres de la joven estudiante de Derecho, acompa\u00f1ados de colectivos feministas encabezaron una marcha para exigir justicia para Debanhi, a un a\u00f1o del hallazgo de su cuerpo.<\/p>\n\n\n\n<p class=\"wp-block-paragraph\">En entrevista realizada en el exterior del motel, ubicado sobre la carretera a Laredo, el padre de familia lanz\u00f3 duras cr\u00edticas a las autoridades por la impunidad que prevalece en los casos de desaparici\u00f3n y feminicidio en el estado.<\/p>\n\n\n\n<p class=\"wp-block-paragraph\">\u201cLa Fiscal\u00eda General de la Rep\u00fablica (FGR) tiene la oportunidad de terminar con la corrupci\u00f3n que existe en la Fiscal\u00eda, en estatal a todos los niveles\u201d, afirm\u00f3.<\/p>\n\n\n\n<p class=\"wp-block-paragraph\">Record\u00f3 que el presidente Andr\u00e9s Manuel L\u00f3pez Obrador le prometi\u00f3 que el caso de su hija se iba a resolver.<\/p>\n\n\n\n<p class=\"wp-block-paragraph\">\u201cLa FGR tiene que se\u00f1alar a los que manipularon toda la informaci\u00f3n y a los que hacen todo el mugrero aqu\u00ed en Nuevo Le\u00f3n\u201d, manifest\u00f3.<\/p>\n\n\n\n<p class=\"wp-block-paragraph\">A\u00f1adi\u00f3 que toda la informaci\u00f3n que tiene del caso, con base a sus propias pesquisas, ya la proporcion\u00f3 a la FGR.<\/p>\n\n\n\n<p class=\"wp-block-paragraph\">\u201cYa se la di, ya se la dije, ya les di argumentos para que trabajen\u201d, expuso.<\/p>\n\n\n\n<p class=\"wp-block-paragraph\"><strong>EXIGEN JUSTICIA<\/strong><\/p>\n\n\n\n<p class=\"wp-block-paragraph\">Desde las 14.00 horas el contingente, que exigi\u00f3 justicia por Debanhi y todos los casos de desaparici\u00f3n y feminicidios en el estado, se congreg\u00f3 en la Explanada de los H\u00e9roes en la Macroplaza, frente al Palacio de Gobierno.<\/p>\n\n\n\n<p class=\"wp-block-paragraph\">A pie se dirigieron a las instalaciones de la Fiscal\u00eda General de Justicia de Nuevo Le\u00f3n y la Fiscal\u00eda Especializada en Feminicidios. En el camino se encargaron de gritar consignas en contra de las autoridades estatales y federales que no han tenido avances en el caso.<\/p>\n\n\n\n<p class=\"wp-block-paragraph\">Tambi\u00e9n llevaron pancartas con frases como \u201cgobierno corrupto\u201d.<\/p>\n\n\n\n<p class=\"wp-block-paragraph\">Las mujeres realizaron pintas en el edificio de la Fiscal\u00eda Especializada en Feminicidios y golpearon las puertas del inmueble.<\/p>\n\n\n\n<p class=\"wp-block-paragraph\">Escobar y su esposa, Dolores Bazald\u00faa, portaron una gorra con la frase \u201c365 d\u00edas. Justicia\u201d.<\/p>\n\n\n\n<p class=\"wp-block-paragraph\">El caso de la joven de 18 a\u00f1os se volvi\u00f3 emblem\u00e1tico luego de que se difundi\u00f3 la fotograf\u00eda de la chica parada a un costado de la carretera despu\u00e9s de que presuntamente fue abandonada a su suerte por las amigas con las que sali\u00f3 a divertirse.<\/p>\n\n\n\n<p class=\"wp-block-paragraph\">La investigaci\u00f3n fue atra\u00edda por la FGR ante las fallas y omisiones de la Fiscal\u00eda estatal; sin embargo, la dependencia federal tampoco ha reportado avances.<\/p>\n\n\n\n<p class=\"wp-block-paragraph\">Tras la marcha por el centro de la ciudad se dirigieron al municipio de Escobedo, al exterior del motel Nueva Castilla, en donde realizaron diversos pronunciamientos.<\/p>\n","protected":false},"excerpt":{"rendered":"<p>A un a\u00f1o del caso de desaparici\u00f3n y feminicidio de la mexicana Debanhi Susana Escobar en Nuevo Le\u00f3n, en el norte de M\u00e9xico, su padre, Mario Escobar, asegur\u00f3 tener informaci\u00f3n sobre los presuntos responsables, pero que la corrupci\u00f3n de las autoridades no han dejado avanzar la investigaci\u00f3n. \u201cEstamos cerca (del esclarecimiento del caso) con toda [&hellip;]<\/p>\n","protected":false},"author":80,"featured_media":258685,"comment_status":"closed","ping_status":"closed","sticky":false,"template":"","format":"standard","meta":{"footnotes":""},"categories":[37,15],"tags":[],"class_list":["post-258684","post","type-post","status-publish","format-standard","has-post-thumbnail","hentry","category-barandilla","category-destacadas"],"_links":{"self":[{"href":"https:\/\/plazajuarez.mx\/historico\/wp-json\/wp\/v2\/posts\/258684","targetHints":{"allow":["GET"]}}],"collection":[{"href":"https:\/\/plazajuarez.mx\/historico\/wp-json\/wp\/v2\/posts"}],"about":[{"href":"https:\/\/plazajuarez.mx\/historico\/wp-json\/wp\/v2\/types\/post"}],"author":[{"embeddable":true,"href":"https:\/\/plazajuarez.mx\/historico\/wp-json\/wp\/v2\/users\/80"}],"replies":[{"embeddable":true,"href":"https:\/\/plazajuarez.mx\/historico\/wp-json\/wp\/v2\/comments?post=258684"}],"version-history":[{"count":0,"href":"https:\/\/plazajuarez.mx\/historico\/wp-json\/wp\/v2\/posts\/258684\/revisions"}],"wp:featuredmedia":[{"embeddable":true,"href":"https:\/\/plazajuarez.mx\/historico\/wp-json\/wp\/v2\/media\/258685"}],"wp:attachment":[{"href":"https:\/\/plazajuarez.mx\/historico\/wp-json\/wp\/v2\/media?parent=258684"}],"wp:term":[{"taxonomy":"category","embeddable":true,"href":"https:\/\/plazajuarez.mx\/historico\/wp-json\/wp\/v2\/categories?post=258684"},{"taxonomy":"post_tag","embeddable":true,"href":"https:\/\/plazajuarez.mx\/historico\/wp-json\/wp\/v2\/tags?post=258684"}],"curies":[{"name":"wp","href":"https:\/\/api.w.org\/{rel}","templated":true}]}}