{"id":258434,"date":"2023-04-21T06:13:35","date_gmt":"2023-04-21T12:13:35","guid":{"rendered":"https:\/\/plazajuarez.mx\/?p=258434"},"modified":"2023-04-21T06:13:38","modified_gmt":"2023-04-21T12:13:38","slug":"anuncian-construccion-de-nueva-planta-de-la-empresa-isquisa","status":"publish","type":"post","link":"https:\/\/plazajuarez.mx\/historico\/anuncian-construccion-de-nueva-planta-de-la-empresa-isquisa\/","title":{"rendered":"Anuncian construcci\u00f3n de nueva planta de la empresa Isquisa"},"content":{"rendered":"\n<p>El gobernador de Hidalgo, Julio Menchaca Salazar, dio a conocer el asentamiento de la empresa Isquisa en el municipio de Tepeji del R\u00edo, con una inversi\u00f3n de 250 millones de pesos, y la construcci\u00f3n de infraestructura p\u00fablica en beneficio de las familias de la zona de Tula-Tepeji.<\/p>\n\n\n\n<p>Durante las actividades de las Rutas de la Transformaci\u00f3n en Ajacuba y Tepeji, el mandatario estatal refiri\u00f3 que para poder consolidar el Hidalgo que queremos, es necesario que se reconstruyan los puentes de comunicaci\u00f3n entre sociedad y autoridades. Asimismo, reconoci\u00f3 que faltan muchas cosas por hacer, sobre todo pol\u00edticas p\u00fablicas y recursos para inhibir la migraci\u00f3n, la pobreza y el rezago que afectan al estado. \u201cNosotros decimos \u00a1ya basta!, por eso necesitamos trabajar juntos, comunidad y gobierno\u201d, indic\u00f3.<\/p>\n\n\n\n<p>Por su parte, Javier del Castillo Fern\u00e1ndez, director general y fundador de Isquisa, agradeci\u00f3 al gobierno de Hidalgo por la apertura que ha mostrado para la atracci\u00f3n de inversionistas.&nbsp;<\/p>\n\n\n\n<p>Fue el titular de la Secretar\u00eda de Infraestructura P\u00fablica y Desarrollo Urbano Sostenible, Alejandro S\u00e1nchez Garc\u00eda, quien anunci\u00f3 la reconstrucci\u00f3n de la carpeta asf\u00e1ltica de la carretera estatal Ajacuba\u2013San Juan Tepa, misma que beneficiar\u00e1 a cerca de seis mil habitantes. Tambi\u00e9n inform\u00f3 que se concluyeron los trabajos de construcci\u00f3n del Sistema de Agua Potable en la comunidad de Vicente Guerrero, con un monto de inversi\u00f3n de dos millones 472 mil pesos.<\/p>\n\n\n\n<p>En Tepeji del R\u00edo, el subsecretario de Obras P\u00fablicas, Jorge Alberto Reyes Hern\u00e1ndez, dio a conocer que gracias al recurso obtenido del programa de reemplacamiento \u201cDale Marcha a la Transformaci\u00f3n\u201d, se ejercer\u00e1 un recurso superior a los 12 millones de pesos para reconstruir la carretera de acceso a este municipio, lo cual impactar\u00e1 de manera positiva en el tr\u00e1nsito de m\u00e1s de 34 mil habitantes.<\/p>\n","protected":false},"excerpt":{"rendered":"<p>El gobernador de Hidalgo, Julio Menchaca Salazar, dio a conocer el asentamiento de la empresa Isquisa en el municipio de Tepeji del R\u00edo, con una inversi\u00f3n de 250 millones de pesos, y la construcci\u00f3n de infraestructura p\u00fablica en beneficio de las familias de la zona de Tula-Tepeji. Durante las actividades de las Rutas de la [&hellip;]<\/p>\n","protected":false},"author":93,"featured_media":258436,"comment_status":"closed","ping_status":"closed","sticky":false,"template":"","format":"standard","meta":{"footnotes":""},"categories":[15,59,2159],"tags":[],"class_list":["post-258434","post","type-post","status-publish","format-standard","has-post-thumbnail","hentry","category-destacadas","category-general","category-noticias-de-hidalgo"],"_links":{"self":[{"href":"https:\/\/plazajuarez.mx\/historico\/wp-json\/wp\/v2\/posts\/258434","targetHints":{"allow":["GET"]}}],"collection":[{"href":"https:\/\/plazajuarez.mx\/historico\/wp-json\/wp\/v2\/posts"}],"about":[{"href":"https:\/\/plazajuarez.mx\/historico\/wp-json\/wp\/v2\/types\/post"}],"author":[{"embeddable":true,"href":"https:\/\/plazajuarez.mx\/historico\/wp-json\/wp\/v2\/users\/93"}],"replies":[{"embeddable":true,"href":"https:\/\/plazajuarez.mx\/historico\/wp-json\/wp\/v2\/comments?post=258434"}],"version-history":[{"count":0,"href":"https:\/\/plazajuarez.mx\/historico\/wp-json\/wp\/v2\/posts\/258434\/revisions"}],"wp:featuredmedia":[{"embeddable":true,"href":"https:\/\/plazajuarez.mx\/historico\/wp-json\/wp\/v2\/media\/258436"}],"wp:attachment":[{"href":"https:\/\/plazajuarez.mx\/historico\/wp-json\/wp\/v2\/media?parent=258434"}],"wp:term":[{"taxonomy":"category","embeddable":true,"href":"https:\/\/plazajuarez.mx\/historico\/wp-json\/wp\/v2\/categories?post=258434"},{"taxonomy":"post_tag","embeddable":true,"href":"https:\/\/plazajuarez.mx\/historico\/wp-json\/wp\/v2\/tags?post=258434"}],"curies":[{"name":"wp","href":"https:\/\/api.w.org\/{rel}","templated":true}]}}