{"id":258413,"date":"2023-04-21T05:48:10","date_gmt":"2023-04-21T11:48:10","guid":{"rendered":"https:\/\/plazajuarez.mx\/?p=258413"},"modified":"2023-04-21T05:48:14","modified_gmt":"2023-04-21T11:48:14","slug":"primera-jornada-por-la-ninez-de-pachuca","status":"publish","type":"post","link":"https:\/\/plazajuarez.mx\/historico\/primera-jornada-por-la-ninez-de-pachuca\/","title":{"rendered":"Primera Jornada por la Ni\u00f1ez de Pachuca"},"content":{"rendered":"\n<p>El ayuntamiento de Pachuca a trav\u00e9s del Sistema Nacional de Protecci\u00f3n de Ni\u00f1as, Ni\u00f1os y Adolescentes (SIPINNA) y el sistema DIF Pachuca, realizar\u00e1n la Primera Jornada por la Ni\u00f1ez de Pachuca, el pr\u00f3ximo 29 de abril en el Parque Hidalgo.<\/p>\n\n\n\n<p>Dentro de las actividades se encuentran: vacunaci\u00f3n infantil a menores de 12 a\u00f1os, vacunaci\u00f3n COVID-19; atenci\u00f3n bucal como aplicaci\u00f3n de fl\u00faor y profilaxis, detecci\u00f3n dentobacteriana; orientaci\u00f3n sobre salud sexual y reproductiva para adolescentes y planificaci\u00f3n familiar.<\/p>\n\n\n\n<p>Adem\u00e1s de 100 consultas pedi\u00e1tricas por parte de m\u00e9dicos del Hospital del Ni\u00f1o DIF, m\u00f3dulo de atenci\u00f3n y orientaci\u00f3n del registro familiar, y cortes de cabello para ni\u00f1as y ni\u00f1os.<\/p>\n\n\n\n<p>Tambi\u00e9n se llevar\u00e1 a cabo una jornada de vacunaci\u00f3n antirr\u00e1bica para perros y gatos, as\u00ed como actividades recreativas y juegos.<\/p>\n\n\n\n<p>Esta Primera Jornada por la Ni\u00f1ez de Pachuca se llevar\u00e1 a cabo el pr\u00f3ximo 29 de abril, en el Parque Hidalgo, en un horario de 9:00 a 14:00 horas.<\/p>\n","protected":false},"excerpt":{"rendered":"<p>El ayuntamiento de Pachuca a trav\u00e9s del Sistema Nacional de Protecci\u00f3n de Ni\u00f1as, Ni\u00f1os y Adolescentes (SIPINNA) y el sistema DIF Pachuca, realizar\u00e1n la Primera Jornada por la Ni\u00f1ez de Pachuca, el pr\u00f3ximo 29 de abril en el Parque Hidalgo. Dentro de las actividades se encuentran: vacunaci\u00f3n infantil a menores de 12 a\u00f1os, vacunaci\u00f3n COVID-19; [&hellip;]<\/p>\n","protected":false},"author":73,"featured_media":258414,"comment_status":"closed","ping_status":"closed","sticky":false,"template":"","format":"standard","meta":{"footnotes":""},"categories":[59,2159],"tags":[],"class_list":["post-258413","post","type-post","status-publish","format-standard","has-post-thumbnail","hentry","category-general","category-noticias-de-hidalgo"],"_links":{"self":[{"href":"https:\/\/plazajuarez.mx\/historico\/wp-json\/wp\/v2\/posts\/258413","targetHints":{"allow":["GET"]}}],"collection":[{"href":"https:\/\/plazajuarez.mx\/historico\/wp-json\/wp\/v2\/posts"}],"about":[{"href":"https:\/\/plazajuarez.mx\/historico\/wp-json\/wp\/v2\/types\/post"}],"author":[{"embeddable":true,"href":"https:\/\/plazajuarez.mx\/historico\/wp-json\/wp\/v2\/users\/73"}],"replies":[{"embeddable":true,"href":"https:\/\/plazajuarez.mx\/historico\/wp-json\/wp\/v2\/comments?post=258413"}],"version-history":[{"count":0,"href":"https:\/\/plazajuarez.mx\/historico\/wp-json\/wp\/v2\/posts\/258413\/revisions"}],"wp:featuredmedia":[{"embeddable":true,"href":"https:\/\/plazajuarez.mx\/historico\/wp-json\/wp\/v2\/media\/258414"}],"wp:attachment":[{"href":"https:\/\/plazajuarez.mx\/historico\/wp-json\/wp\/v2\/media?parent=258413"}],"wp:term":[{"taxonomy":"category","embeddable":true,"href":"https:\/\/plazajuarez.mx\/historico\/wp-json\/wp\/v2\/categories?post=258413"},{"taxonomy":"post_tag","embeddable":true,"href":"https:\/\/plazajuarez.mx\/historico\/wp-json\/wp\/v2\/tags?post=258413"}],"curies":[{"name":"wp","href":"https:\/\/api.w.org\/{rel}","templated":true}]}}