{"id":258410,"date":"2023-04-21T05:46:51","date_gmt":"2023-04-21T11:46:51","guid":{"rendered":"https:\/\/plazajuarez.mx\/?p=258410"},"modified":"2023-04-21T05:46:55","modified_gmt":"2023-04-21T11:46:55","slug":"hoy-inicia-el-primer-congreso-de-mujeres-por-una-vida-digna","status":"publish","type":"post","link":"https:\/\/plazajuarez.mx\/historico\/hoy-inicia-el-primer-congreso-de-mujeres-por-una-vida-digna\/","title":{"rendered":"Hoy inicia el Primer Congreso de Mujeres por una Vida Digna"},"content":{"rendered":"\n<p>Con el objetivo de impulsar acciones encaminadas a la igualdad de oportunidades, el respeto a la dignidad humana, as\u00ed como promover el acceso a la informaci\u00f3n y justicia para mujeres y ni\u00f1as, hoy a las 9:00 horas, iniciar\u00e1n las actividades en el marco del Primer Congreso de Mujeres por una Vida Digna, en el Teatro Bartolom\u00e9 de Medina en Pachuca.<\/p>\n\n\n\n<p>De acuerdo con la informaci\u00f3n proporcionada por la asociaci\u00f3n civil denominada Defensores de Derechos Humanos Ahuacachahue y la Comisi\u00f3n de Derechos Humanos del Estado de Hidalgo (CDHEH), la dignidad humana a trav\u00e9s del ejercicio y goce de los derechos humanos en todos los espacios sociales ser\u00e1 uno de los ejes que conducir\u00e1n este encuentro que reunir\u00e1 a diversas agrupaciones, asociaciones civiles y autoridades.<\/p>\n\n\n\n<p>Por lo que se integrar\u00e1n mesas de trabajo con mujeres de diversos \u00e1mbitos as\u00ed como representantes de las instituciones para abordar diversos temas entre los que mencionaron: salud, justicia, educaci\u00f3n y econom\u00eda.<\/p>\n\n\n\n<p>De igual forma, es pertinente mencionar que este congreso estar\u00e1 abierto al p\u00fablico en general a fin de establecer un di\u00e1logo m\u00e1s nutrido y tomar en cuenta las opiniones y necesidades manifestadas por los asistentes, ya que la din\u00e1mica busca que la ciudadan\u00eda se integre y que las mujeres puedan convertirse en agentes de cambio.<\/p>\n\n\n\n<p>Finalmente, de acuerdo con la programaci\u00f3n, los trabajos se extender\u00e1n hasta el s\u00e1bado 22 de abril y se realizar\u00e1n en el mismo lugar.<\/p>\n","protected":false},"excerpt":{"rendered":"<p>Con el objetivo de impulsar acciones encaminadas a la igualdad de oportunidades, el respeto a la dignidad humana, as\u00ed como promover el acceso a la informaci\u00f3n y justicia para mujeres y ni\u00f1as, hoy a las 9:00 horas, iniciar\u00e1n las actividades en el marco del Primer Congreso de Mujeres por una Vida Digna, en el Teatro [&hellip;]<\/p>\n","protected":false},"author":72,"featured_media":258411,"comment_status":"closed","ping_status":"closed","sticky":false,"template":"","format":"standard","meta":{"footnotes":""},"categories":[15,59,2159],"tags":[],"class_list":["post-258410","post","type-post","status-publish","format-standard","has-post-thumbnail","hentry","category-destacadas","category-general","category-noticias-de-hidalgo"],"_links":{"self":[{"href":"https:\/\/plazajuarez.mx\/historico\/wp-json\/wp\/v2\/posts\/258410","targetHints":{"allow":["GET"]}}],"collection":[{"href":"https:\/\/plazajuarez.mx\/historico\/wp-json\/wp\/v2\/posts"}],"about":[{"href":"https:\/\/plazajuarez.mx\/historico\/wp-json\/wp\/v2\/types\/post"}],"author":[{"embeddable":true,"href":"https:\/\/plazajuarez.mx\/historico\/wp-json\/wp\/v2\/users\/72"}],"replies":[{"embeddable":true,"href":"https:\/\/plazajuarez.mx\/historico\/wp-json\/wp\/v2\/comments?post=258410"}],"version-history":[{"count":0,"href":"https:\/\/plazajuarez.mx\/historico\/wp-json\/wp\/v2\/posts\/258410\/revisions"}],"wp:featuredmedia":[{"embeddable":true,"href":"https:\/\/plazajuarez.mx\/historico\/wp-json\/wp\/v2\/media\/258411"}],"wp:attachment":[{"href":"https:\/\/plazajuarez.mx\/historico\/wp-json\/wp\/v2\/media?parent=258410"}],"wp:term":[{"taxonomy":"category","embeddable":true,"href":"https:\/\/plazajuarez.mx\/historico\/wp-json\/wp\/v2\/categories?post=258410"},{"taxonomy":"post_tag","embeddable":true,"href":"https:\/\/plazajuarez.mx\/historico\/wp-json\/wp\/v2\/tags?post=258410"}],"curies":[{"name":"wp","href":"https:\/\/api.w.org\/{rel}","templated":true}]}}