{"id":258407,"date":"2023-04-21T05:45:12","date_gmt":"2023-04-21T11:45:12","guid":{"rendered":"https:\/\/plazajuarez.mx\/?p=258407"},"modified":"2023-04-21T05:45:16","modified_gmt":"2023-04-21T11:45:16","slug":"propone-pri-cambio-de-nombre-a-comision-de-asuntos-metropolitanos","status":"publish","type":"post","link":"https:\/\/plazajuarez.mx\/historico\/propone-pri-cambio-de-nombre-a-comision-de-asuntos-metropolitanos\/","title":{"rendered":"Propone PRI cambio de nombre a Comisi\u00f3n de Asuntos Metropolitanos"},"content":{"rendered":"\n<p>Con el objetivo de incrementar y fortalecer las atribuciones que tiene la Comisi\u00f3n de Asuntos Metropolitanos en el Congreso Local, la fracci\u00f3n del Partido Revolucionario Institucional (PRI), propuso una reforma para que se cambie el nombre a \u201cComisi\u00f3n de Asuntos Urbanos y Metropolitanos\u201d, adem\u00e1s de incorporar su participaci\u00f3n en las acciones del ejecutivo estatal y los municipios.<\/p>\n\n\n\n<p>Con este cambio, los legisladores priistas proponen que dicha comisi\u00f3n tenga entre sus facultades: \u201cConocer sobre la declaratoria de zonas metropolitanas del Estado con otras entidades federativas colindantes y sus municipios; promover e impulsar en el \u00e1mbito de las competencias legislativas, el desarrollo armonioso y sustantivo, as\u00ed como el fortalecimiento de las zonas metropolitanas urbanas y conurbadas; participar y promover el desarrollo econ\u00f3mico y de competitividad en el crecimiento de las Zonas Metropolitanas con las autoridades del Ejecutivo Estatal y de los Ayuntamientos\u201d.<\/p>\n\n\n\n<p>Adem\u00e1s de que podr\u00e1 adecuar los instrumentos y dem\u00e1s disposiciones legales y reglamentarias aplicables que se requieren para propiciar y facilitar el acceso del estado de Hidalgo a mayores beneficios de los recursos federales tendientes a promover ordenadamente el desarrollo urbano y metropolitano.<\/p>\n\n\n\n<p>Asimismo impulsar mecanismos eficaces de coordinaci\u00f3n con otros Congresos a nivel local, en especial, con aquellos de las entidades de la Zona Metropolitana del Valle de M\u00e9xico, a fin de promover el desarrollo de trabajos en temas de inter\u00e9s com\u00fan como un mecanismo no vinculante de an\u00e1lisis y discusi\u00f3n.<\/p>\n\n\n\n<p>Por lo anterior, apuntaron que m\u00e1s que el cambio de nombre se busca que dicha comisi\u00f3n tenga mayores atribuciones que permitan hacer un mejor trabajo y tener una mejor funci\u00f3n en el Poder Legislativo.<\/p>\n","protected":false},"excerpt":{"rendered":"<p>Con el objetivo de incrementar y fortalecer las atribuciones que tiene la Comisi\u00f3n de Asuntos Metropolitanos en el Congreso Local, la fracci\u00f3n del Partido Revolucionario Institucional (PRI), propuso una reforma para que se cambie el nombre a \u201cComisi\u00f3n de Asuntos Urbanos y Metropolitanos\u201d, adem\u00e1s de incorporar su participaci\u00f3n en las acciones del ejecutivo estatal y [&hellip;]<\/p>\n","protected":false},"author":72,"featured_media":258408,"comment_status":"closed","ping_status":"closed","sticky":false,"template":"","format":"standard","meta":{"footnotes":""},"categories":[15,59,2159],"tags":[],"class_list":["post-258407","post","type-post","status-publish","format-standard","has-post-thumbnail","hentry","category-destacadas","category-general","category-noticias-de-hidalgo"],"_links":{"self":[{"href":"https:\/\/plazajuarez.mx\/historico\/wp-json\/wp\/v2\/posts\/258407","targetHints":{"allow":["GET"]}}],"collection":[{"href":"https:\/\/plazajuarez.mx\/historico\/wp-json\/wp\/v2\/posts"}],"about":[{"href":"https:\/\/plazajuarez.mx\/historico\/wp-json\/wp\/v2\/types\/post"}],"author":[{"embeddable":true,"href":"https:\/\/plazajuarez.mx\/historico\/wp-json\/wp\/v2\/users\/72"}],"replies":[{"embeddable":true,"href":"https:\/\/plazajuarez.mx\/historico\/wp-json\/wp\/v2\/comments?post=258407"}],"version-history":[{"count":0,"href":"https:\/\/plazajuarez.mx\/historico\/wp-json\/wp\/v2\/posts\/258407\/revisions"}],"wp:featuredmedia":[{"embeddable":true,"href":"https:\/\/plazajuarez.mx\/historico\/wp-json\/wp\/v2\/media\/258408"}],"wp:attachment":[{"href":"https:\/\/plazajuarez.mx\/historico\/wp-json\/wp\/v2\/media?parent=258407"}],"wp:term":[{"taxonomy":"category","embeddable":true,"href":"https:\/\/plazajuarez.mx\/historico\/wp-json\/wp\/v2\/categories?post=258407"},{"taxonomy":"post_tag","embeddable":true,"href":"https:\/\/plazajuarez.mx\/historico\/wp-json\/wp\/v2\/tags?post=258407"}],"curies":[{"name":"wp","href":"https:\/\/api.w.org\/{rel}","templated":true}]}}