{"id":258404,"date":"2023-04-21T05:43:51","date_gmt":"2023-04-21T11:43:51","guid":{"rendered":"https:\/\/plazajuarez.mx\/?p=258404"},"modified":"2023-04-21T05:43:54","modified_gmt":"2023-04-21T11:43:54","slug":"el-archivo-es-fundamental-para-la-memoria-historica-de-la-entidad-julio-valera","status":"publish","type":"post","link":"https:\/\/plazajuarez.mx\/historico\/el-archivo-es-fundamental-para-la-memoria-historica-de-la-entidad-julio-valera\/","title":{"rendered":"\u201cEl archivo es fundamental para la memoria hist\u00f3rica de la entidad\u201d: Julio Valera\u00a0"},"content":{"rendered":"\n<p>Julio Valera Piedras, diputado local de la fracci\u00f3n del Partido Revolucionario Institucional (PRI), expres\u00f3 que en los archivos se encuentra la memoria hist\u00f3rica e institucional de la vida p\u00fablica de la entidad: \u201cLos archivos son patrimonio, son memoria, identidad y conocimiento\u201d, dijo al expresar la importancia de conservarlos, ya que el conocimiento que albergan permite ver los buenos y malos manejos de la administraci\u00f3n p\u00fablica.<\/p>\n\n\n\n<p>Valera Piedras destac\u00f3 que las \u00e1reas de archivo municipal han dejado de ser unidades aisladas y marginadas: \u201cHoy, el archivo es fundamental porque la memoria institucional de la agenda p\u00fablica se encuentra en esos documentos\u201d. Y agreg\u00f3 que el objetivo que se tiene con las capacitaciones obedece a la necesidad de empatar un fen\u00f3meno de la agenda p\u00fablica: \u201cLa construcci\u00f3n de leyes y normativas en materia de archivos va adelante de la gesti\u00f3n y la atenci\u00f3n pol\u00edtica\u201c.<\/p>\n\n\n\n<p>Puntualiz\u00f3: \u201cEsa es la idea que tenemos en el Congreso, de empatar. Que la normativa vaya a la par de la gesti\u00f3n de lo que ustedes hacen, porque esta actividad, se enmarca en la visi\u00f3n municipalista del Congreso de Hidalgo pues los ayuntamientos, al ser pilares de la entidad, deben tener mejores herramientas de trabajo y llamar la atenci\u00f3n en \u00e1reas fundamentales de la agenda p\u00fablica\u201d, concluy\u00f3 tras dar la bienvenida a los participantes.<\/p>\n","protected":false},"excerpt":{"rendered":"<p>Julio Valera Piedras, diputado local de la fracci\u00f3n del Partido Revolucionario Institucional (PRI), expres\u00f3 que en los archivos se encuentra la memoria hist\u00f3rica e institucional de la vida p\u00fablica de la entidad: \u201cLos archivos son patrimonio, son memoria, identidad y conocimiento\u201d, dijo al expresar la importancia de conservarlos, ya que el conocimiento que albergan permite [&hellip;]<\/p>\n","protected":false},"author":72,"featured_media":258405,"comment_status":"closed","ping_status":"closed","sticky":false,"template":"","format":"standard","meta":{"footnotes":""},"categories":[59,2159],"tags":[],"class_list":["post-258404","post","type-post","status-publish","format-standard","has-post-thumbnail","hentry","category-general","category-noticias-de-hidalgo"],"_links":{"self":[{"href":"https:\/\/plazajuarez.mx\/historico\/wp-json\/wp\/v2\/posts\/258404","targetHints":{"allow":["GET"]}}],"collection":[{"href":"https:\/\/plazajuarez.mx\/historico\/wp-json\/wp\/v2\/posts"}],"about":[{"href":"https:\/\/plazajuarez.mx\/historico\/wp-json\/wp\/v2\/types\/post"}],"author":[{"embeddable":true,"href":"https:\/\/plazajuarez.mx\/historico\/wp-json\/wp\/v2\/users\/72"}],"replies":[{"embeddable":true,"href":"https:\/\/plazajuarez.mx\/historico\/wp-json\/wp\/v2\/comments?post=258404"}],"version-history":[{"count":0,"href":"https:\/\/plazajuarez.mx\/historico\/wp-json\/wp\/v2\/posts\/258404\/revisions"}],"wp:featuredmedia":[{"embeddable":true,"href":"https:\/\/plazajuarez.mx\/historico\/wp-json\/wp\/v2\/media\/258405"}],"wp:attachment":[{"href":"https:\/\/plazajuarez.mx\/historico\/wp-json\/wp\/v2\/media?parent=258404"}],"wp:term":[{"taxonomy":"category","embeddable":true,"href":"https:\/\/plazajuarez.mx\/historico\/wp-json\/wp\/v2\/categories?post=258404"},{"taxonomy":"post_tag","embeddable":true,"href":"https:\/\/plazajuarez.mx\/historico\/wp-json\/wp\/v2\/tags?post=258404"}],"curies":[{"name":"wp","href":"https:\/\/api.w.org\/{rel}","templated":true}]}}