{"id":258399,"date":"2023-04-20T20:32:05","date_gmt":"2023-04-21T02:32:05","guid":{"rendered":"https:\/\/plazajuarez.mx\/?p=258399"},"modified":"2023-04-20T20:32:08","modified_gmt":"2023-04-21T02:32:08","slug":"sergio_banos-5","status":"publish","type":"post","link":"https:\/\/plazajuarez.mx\/historico\/sergio_banos-5\/","title":{"rendered":"Refrenda Sergio Ba\u00f1os impulso para ni\u00f1as, ni\u00f1os y adolescentes de Pachuca"},"content":{"rendered":"\n<p><\/p>\n\n\n\n<p>El presidente municipal de Pachuca, Sergio Ba\u00f1os Rubio afirm\u00f3 que su administraci\u00f3n seguir\u00e1 impulsando la participaci\u00f3n de ni\u00f1as, ni\u00f1os y adolescentes del municipio, trabajando por su seguridad y continuar\u00e1 teniendo cero tolerancia a la violencia en contra de ellas y ellos.<\/p>\n\n\n\n<p>Lo anterior lo se\u00f1al\u00f3 durante la Octava Sesi\u00f3n Ordinaria del Sistema Municipal de Protecci\u00f3n Integral de Ni\u00f1as, Ni\u00f1os y Adolescentes de Pachuca, donde tom\u00f3 protesta a las y los nuevos integrantes de este sistema: el secretario general, Gerardo Reyes Monzalvo; la secretaria de Obras P\u00fablicas, Alba Mar\u00eda Elsa Castillo Perea; el secretario de Servicios P\u00fablicos Municipales, Juan Luis Lomel\u00ed Plascencia; la secretaria de Planeaci\u00f3n, Samantha Kay P\u00e9rez Cort\u00e9s; la directora del Instituto Municipal para la Prevenci\u00f3n de Adicciones, Michelle Melo Arteaga; Katya Gabriela Hern\u00e1ndez P\u00e9rez, enlace del Instituto Hidalguense de las Mujeres; y el procurador municipal Edgar Atescatenco Lugo.<\/p>\n\n\n\n<p>El alcalde agreg\u00f3 que en Pachuca se trabaja con pol\u00edticas p\u00fablicas que tienen como eje rector el inter\u00e9s superior de la ni\u00f1ez, como el programa \u201cDe Ruta por Pachuca\u201d y la \u201cRuta para atender la violencia contra la Mujer\u201d.<\/p>\n\n\n\n<p>\u201cLas ni\u00f1as y los ni\u00f1os ya tienen otras ideas, piensan diferente a nosotros, hoy se quieren involucrar en todos los temas de su inter\u00e9s y eso est\u00e1 bien, los invito a que sigamos construyendo un mundo y un Pachuca mucho mejor para ellas y ellos\u201d, se\u00f1al\u00f3.<\/p>\n\n\n\n<p>Durante esta sesi\u00f3n, la titular del Sistema Municipal de Protecci\u00f3n Integral de Ni\u00f1as, Ni\u00f1os y Adolescentes de Pachuca, Karla Perales Arrieta, inform\u00f3 las actividades realizadas en favor de la ni\u00f1ez y adolescencia de Pachuca, durante el primer trimestre del a\u00f1o.<\/p>\n","protected":false},"excerpt":{"rendered":"<p>El presidente municipal de Pachuca, Sergio Ba\u00f1os Rubio afirm\u00f3 que su administraci\u00f3n seguir\u00e1 impulsando la participaci\u00f3n de ni\u00f1as, ni\u00f1os y adolescentes del municipio, trabajando por su seguridad y continuar\u00e1 teniendo cero tolerancia a la violencia en contra de ellas y ellos. Lo anterior lo se\u00f1al\u00f3 durante la Octava Sesi\u00f3n Ordinaria del Sistema Municipal de Protecci\u00f3n [&hellip;]<\/p>\n","protected":false},"author":93,"featured_media":258401,"comment_status":"closed","ping_status":"closed","sticky":false,"template":"","format":"standard","meta":{"footnotes":""},"categories":[15,2159],"tags":[],"class_list":["post-258399","post","type-post","status-publish","format-standard","has-post-thumbnail","hentry","category-destacadas","category-noticias-de-hidalgo"],"_links":{"self":[{"href":"https:\/\/plazajuarez.mx\/historico\/wp-json\/wp\/v2\/posts\/258399","targetHints":{"allow":["GET"]}}],"collection":[{"href":"https:\/\/plazajuarez.mx\/historico\/wp-json\/wp\/v2\/posts"}],"about":[{"href":"https:\/\/plazajuarez.mx\/historico\/wp-json\/wp\/v2\/types\/post"}],"author":[{"embeddable":true,"href":"https:\/\/plazajuarez.mx\/historico\/wp-json\/wp\/v2\/users\/93"}],"replies":[{"embeddable":true,"href":"https:\/\/plazajuarez.mx\/historico\/wp-json\/wp\/v2\/comments?post=258399"}],"version-history":[{"count":0,"href":"https:\/\/plazajuarez.mx\/historico\/wp-json\/wp\/v2\/posts\/258399\/revisions"}],"wp:featuredmedia":[{"embeddable":true,"href":"https:\/\/plazajuarez.mx\/historico\/wp-json\/wp\/v2\/media\/258401"}],"wp:attachment":[{"href":"https:\/\/plazajuarez.mx\/historico\/wp-json\/wp\/v2\/media?parent=258399"}],"wp:term":[{"taxonomy":"category","embeddable":true,"href":"https:\/\/plazajuarez.mx\/historico\/wp-json\/wp\/v2\/categories?post=258399"},{"taxonomy":"post_tag","embeddable":true,"href":"https:\/\/plazajuarez.mx\/historico\/wp-json\/wp\/v2\/tags?post=258399"}],"curies":[{"name":"wp","href":"https:\/\/api.w.org\/{rel}","templated":true}]}}