{"id":258393,"date":"2023-04-20T18:34:15","date_gmt":"2023-04-21T00:34:15","guid":{"rendered":"https:\/\/plazajuarez.mx\/?p=258393"},"modified":"2023-04-20T18:37:00","modified_gmt":"2023-04-21T00:37:00","slug":"celebrara-gobiern","status":"publish","type":"post","link":"https:\/\/plazajuarez.mx\/historico\/celebrara-gobiern\/","title":{"rendered":"Celebrar\u00e1 Gobierno Municipal y DIF de Tulancingo el d\u00eda del ni\u00f1o"},"content":{"rendered":"\n<p><em>Decenas de juegos y actividades para ni\u00f1as y ni\u00f1os<\/em><\/p>\n\n\n\n<p>Con m\u00e1s de una veintena de actividades a desarrollarse el domingo 30 de abril, en&nbsp; pleno coraz\u00f3n de la ciudad,&nbsp; el Gobierno Municipal de Tulancingo y Sistema DIF celebrar\u00e1n&nbsp; en grande&nbsp; el d\u00eda de la ni\u00f1a y del ni\u00f1o.<\/p>\n\n\n\n<p>En reuni\u00f3n efectuada este jueves se dio a conocer&nbsp; la&nbsp; log\u00edstica del magno evento que ser\u00e1 uno de los festejos m\u00e1s grandes que se hayan tenido en el municipio, en los \u00faltimos a\u00f1os.<\/p>\n\n\n\n<p>En la estructura del programa se revel\u00f3 que todo comenzar\u00e1 con una carrera infantil a partir de las 8.30 horas, en la esquina de Ju\u00e1rez e Hidalgo; &nbsp; y posteriormente,&nbsp; un espectacular&nbsp; desfile que saldr\u00e1 de la calzada 5 de mayo a las 9.30 de la ma\u00f1ana, con personajes, botargas, payasos, vochos, camiones de bomberos, y mucho m\u00e1s.&nbsp;<\/p>\n\n\n\n<p>A las 10:00 horas se dar\u00e1 acceso a los ni\u00f1os&nbsp; para que disfruten del amplio n\u00famero de atracciones en La Floresta,&nbsp; aunado a m\u00fasica, baile, rally deportivo, teatro con Bely y Beto y Luli Pampin, lucha libre, inflables, juegos mec\u00e1nicos, payasos, botargas, juguetes, exatl\u00f3n, zanqueros,&nbsp; granjas interactivas y hasta una cabina de radio donde los peque\u00f1os podr\u00e1n conocer m\u00e1s del fascinante mundo de este medio.&nbsp;<\/p>\n\n\n\n<p>En m\u00e1s sorpresas, habr\u00e1 tres escenarios en los cuales habr\u00e1 shows y m\u00fasica,&nbsp; con din\u00e1mica de presentaci\u00f3n rotativa.<\/p>\n\n\n\n<p>Las autoridades municipales y del Sistema DIF comunicaron que se otorgar\u00e1 una pulsera de acceso y habr\u00e1 una distribuci\u00f3n eficiente para que sea obtenida f\u00e1cilmente.&nbsp;<\/p>\n\n\n\n<p>Por la magnitud&nbsp; de la celebraci\u00f3n se espera una&nbsp; afluencia de miles de ni\u00f1as y ni\u00f1os, acompa\u00f1ados de sus pap\u00e1s.<\/p>\n\n\n\n<p>Para hacer posible esta mega celebraci\u00f3n, participan diversas \u00e1reas de la administraci\u00f3n y&nbsp; organismos descentralizados; adem\u00e1s de patrocinadores quienes buscan llevar alegr\u00eda a los peque\u00f1os en su d\u00eda.<\/p>\n\n\n\n<p>Todas las actividades a realizar el domingo 30 de abril ser\u00e1n sin costo, tal y como ha sido la indicaci\u00f3n del alcalde&nbsp; Jorge M\u00e1rquez Alvarado y de la Presidente del DIF Yolanda Magaldi Rivera.&nbsp;<\/p>\n\n\n\n<p>Finalmente&nbsp; las corporaciones e&nbsp; instancias involucradas, se declararon listas para el buen&nbsp; desarrollo de&nbsp; este evento en el que se mantendr\u00e1 la aplicaci\u00f3n de medidas de bioseguridad ante una pandemia aun no erradicada.&nbsp;<\/p>\n","protected":false},"excerpt":{"rendered":"<p>Decenas de juegos y actividades para ni\u00f1as y ni\u00f1os Con m\u00e1s de una veintena de actividades a desarrollarse el domingo 30 de abril, en&nbsp; pleno coraz\u00f3n de la ciudad,&nbsp; el Gobierno Municipal de Tulancingo y Sistema DIF celebrar\u00e1n&nbsp; en grande&nbsp; el d\u00eda de la ni\u00f1a y del ni\u00f1o. En reuni\u00f3n efectuada este jueves se dio [&hellip;]<\/p>\n","protected":false},"author":81,"featured_media":247478,"comment_status":"closed","ping_status":"closed","sticky":false,"template":"","format":"standard","meta":{"footnotes":""},"categories":[15,2159,40],"tags":[],"class_list":["post-258393","post","type-post","status-publish","format-standard","has-post-thumbnail","hentry","category-destacadas","category-noticias-de-hidalgo","category-region"],"_links":{"self":[{"href":"https:\/\/plazajuarez.mx\/historico\/wp-json\/wp\/v2\/posts\/258393","targetHints":{"allow":["GET"]}}],"collection":[{"href":"https:\/\/plazajuarez.mx\/historico\/wp-json\/wp\/v2\/posts"}],"about":[{"href":"https:\/\/plazajuarez.mx\/historico\/wp-json\/wp\/v2\/types\/post"}],"author":[{"embeddable":true,"href":"https:\/\/plazajuarez.mx\/historico\/wp-json\/wp\/v2\/users\/81"}],"replies":[{"embeddable":true,"href":"https:\/\/plazajuarez.mx\/historico\/wp-json\/wp\/v2\/comments?post=258393"}],"version-history":[{"count":0,"href":"https:\/\/plazajuarez.mx\/historico\/wp-json\/wp\/v2\/posts\/258393\/revisions"}],"wp:featuredmedia":[{"embeddable":true,"href":"https:\/\/plazajuarez.mx\/historico\/wp-json\/wp\/v2\/media\/247478"}],"wp:attachment":[{"href":"https:\/\/plazajuarez.mx\/historico\/wp-json\/wp\/v2\/media?parent=258393"}],"wp:term":[{"taxonomy":"category","embeddable":true,"href":"https:\/\/plazajuarez.mx\/historico\/wp-json\/wp\/v2\/categories?post=258393"},{"taxonomy":"post_tag","embeddable":true,"href":"https:\/\/plazajuarez.mx\/historico\/wp-json\/wp\/v2\/tags?post=258393"}],"curies":[{"name":"wp","href":"https:\/\/api.w.org\/{rel}","templated":true}]}}