{"id":258267,"date":"2023-04-20T05:45:33","date_gmt":"2023-04-20T11:45:33","guid":{"rendered":"https:\/\/plazajuarez.mx\/?p=258267"},"modified":"2023-04-20T09:08:31","modified_gmt":"2023-04-20T15:08:31","slug":"dese-por-enterado-1112","status":"publish","type":"post","link":"https:\/\/plazajuarez.mx\/historico\/dese-por-enterado-1112\/","title":{"rendered":"DESE POR ENTERADO"},"content":{"rendered":"\n<p><strong>MOVIMIENTOS DE SUSPIRANTES A UNA CANDIDATURA<\/strong>. \u2013 Del lado de Morena, ya se ve que primero tienen que ir a los cursos, antes de apuntarse de manera p\u00fablica, lo que implica que varios Judas de otros partidos se hayan tenido que \u201cauto-balconear\u201d, ni modo que quieran argumentar que no se hab\u00edan dado cuenta que se hab\u00edan formado para buscar ser abanderados morenistas. Y del otro lado, del PRI, hay severas dudas, porque a ciencia cierta ya nadie sabe si el que se movi\u00f3 para salir en la foto en la entrega de su primera computadora a los ni\u00f1os de Mineral de la Reforma (<strong>Israel F\u00e9lix<\/strong>), buscar\u00e1 la nominaci\u00f3n tricolor para competir por una diputaci\u00f3n federal, o por otro instituto pol\u00edtico, o de plano va a fundar uno. Nadie sabe, nadie supo, lo que pasar\u00e1 en el PRI.<\/p>\n\n\n\n<figure class=\"wp-block-image size-full\"><img loading=\"lazy\" decoding=\"async\" width=\"1599\" height=\"1066\" src=\"https:\/\/plazajuarez.mx\/historico\/historico\/wp-content\/uploads\/2023\/04\/MOVIMIENTOS-DE-SUSPIRANTES-A-UNA-CANDIDATURA.-ARCHIVO.jpg\" alt=\"\" class=\"wp-image-258268\" srcset=\"https:\/\/plazajuarez.mx\/historico\/wp-content\/uploads\/2023\/04\/MOVIMIENTOS-DE-SUSPIRANTES-A-UNA-CANDIDATURA.-ARCHIVO.jpg 1599w, https:\/\/plazajuarez.mx\/historico\/wp-content\/uploads\/2023\/04\/MOVIMIENTOS-DE-SUSPIRANTES-A-UNA-CANDIDATURA.-ARCHIVO-768x512.jpg 768w, https:\/\/plazajuarez.mx\/historico\/wp-content\/uploads\/2023\/04\/MOVIMIENTOS-DE-SUSPIRANTES-A-UNA-CANDIDATURA.-ARCHIVO-1536x1024.jpg 1536w, https:\/\/plazajuarez.mx\/historico\/wp-content\/uploads\/2023\/04\/MOVIMIENTOS-DE-SUSPIRANTES-A-UNA-CANDIDATURA.-ARCHIVO-274x183.jpg 274w, https:\/\/plazajuarez.mx\/historico\/wp-content\/uploads\/2023\/04\/MOVIMIENTOS-DE-SUSPIRANTES-A-UNA-CANDIDATURA.-ARCHIVO-80x54.jpg 80w, https:\/\/plazajuarez.mx\/historico\/wp-content\/uploads\/2023\/04\/MOVIMIENTOS-DE-SUSPIRANTES-A-UNA-CANDIDATURA.-ARCHIVO-130x87.jpg 130w, https:\/\/plazajuarez.mx\/historico\/wp-content\/uploads\/2023\/04\/MOVIMIENTOS-DE-SUSPIRANTES-A-UNA-CANDIDATURA.-ARCHIVO-359x240.jpg 359w, https:\/\/plazajuarez.mx\/historico\/wp-content\/uploads\/2023\/04\/MOVIMIENTOS-DE-SUSPIRANTES-A-UNA-CANDIDATURA.-ARCHIVO-85x57.jpg 85w, https:\/\/plazajuarez.mx\/historico\/wp-content\/uploads\/2023\/04\/MOVIMIENTOS-DE-SUSPIRANTES-A-UNA-CANDIDATURA.-ARCHIVO-546x365.jpg 546w, https:\/\/plazajuarez.mx\/historico\/wp-content\/uploads\/2023\/04\/MOVIMIENTOS-DE-SUSPIRANTES-A-UNA-CANDIDATURA.-ARCHIVO-165x109.jpg 165w, https:\/\/plazajuarez.mx\/historico\/wp-content\/uploads\/2023\/04\/MOVIMIENTOS-DE-SUSPIRANTES-A-UNA-CANDIDATURA.-ARCHIVO-112x75.jpg 112w, https:\/\/plazajuarez.mx\/historico\/wp-content\/uploads\/2023\/04\/MOVIMIENTOS-DE-SUSPIRANTES-A-UNA-CANDIDATURA.-ARCHIVO-179x120.jpg 179w, https:\/\/plazajuarez.mx\/historico\/wp-content\/uploads\/2023\/04\/MOVIMIENTOS-DE-SUSPIRANTES-A-UNA-CANDIDATURA.-ARCHIVO-170x113.jpg 170w, https:\/\/plazajuarez.mx\/historico\/wp-content\/uploads\/2023\/04\/MOVIMIENTOS-DE-SUSPIRANTES-A-UNA-CANDIDATURA.-ARCHIVO-81x55.jpg 81w, https:\/\/plazajuarez.mx\/historico\/wp-content\/uploads\/2023\/04\/MOVIMIENTOS-DE-SUSPIRANTES-A-UNA-CANDIDATURA.-ARCHIVO-765x510.jpg 765w\" sizes=\"auto, (max-width: 1599px) 100vw, 1599px\" \/><\/figure>\n\n\n\n<p><strong>\u00a1QU\u00c9 ALGUIEN PONGA UN ALTO A CHOFERES DE COLECTIVAS!<\/strong> \u2013 Ayer, en plena avenida Madero, una mujer de la tercera edad fue atropellada brutalmente por el conductor de una colectiva, que por supuesto llevaba prisa y compet\u00eda con otro de sus cong\u00e9neres por el pasaje. Pueden argumentar s\u00ed, que son explotados por los \u201cpulpo-caciques\u201d due\u00f1os de casi todas las concesiones del transporte en Pachuca, que les pagan mal, lo que quieran, pero eso no les quita lo animales en que se convierten apenas se suben a la unidad, donde llevan en calidad de ganado al pasaje. Esta vez fue una sola persona muerta, lamentable, terrible, hecho que debe ser investigado, pero por la forma como manejan estos energ\u00famenos, es muy, pero muy posible, que en cualquier momento se registre un choque m\u00faltiple con varios difuntos. A ver si en ese momento alguien interviene para poner orden en estos asuntos.<\/p>\n\n\n\n<figure class=\"wp-block-image size-full\"><img loading=\"lazy\" decoding=\"async\" width=\"500\" height=\"532\" src=\"https:\/\/plazajuarez.mx\/historico\/historico\/wp-content\/uploads\/2023\/04\/\u00a1QUE-ALGUIEN-PONGA-UN-ALTO-A-CHOFERES-DE-COLECTIVAS-Archivo-.jpg\" alt=\"\" class=\"wp-image-258269\"\/><\/figure>\n\n\n\n<p><strong>\u00a1CHINGAO, ERES MI H\u00c9ROE PERCY!.<\/strong> \u2013 Tal cual le dijo <strong>Kamel Nacif a Mario Mar\u00edn<\/strong>, el ex gober precioso de Puebla, podr\u00eda decirnos el l\u00edder del Sindicato de Trabajadores al Servicio del Municipio de Pachuca, <strong>Percy Espinoza Bustamante<\/strong>, pero le contestar\u00edamos: \u201cno, t\u00fa eres el h\u00e9roe de esta pel\u00edcula, pap\u00e1\u201d. Porque Percy ahora s\u00ed va derecho y no responde chipote con sangre sea grande o sea chico, a poner las banderas rojinegras en la alcald\u00eda pachuque\u00f1a el pr\u00f3ximo 20 de mayo, y ya sentenci\u00f3 que, o les dan un aumento del 20%, o paralizan todo el ayuntamiento. Algunos dir\u00e1n que es la cantaleta de siempre, que est\u00e1 como el pastorcito y el lobo, de tal modo que ya nadie le cree. Pero parece que la orden que recibi\u00f3 del Santo Patrono fue una: \u201cch\u00edngate al presidente, luego \u2018viriguamos\u2019\u201d. Y por eso aunque lo inviten con alfombra roja incluida, acudir\u00e1 a pl\u00e1tica alguna con el edil, <strong>Sergio Ba\u00f1os<\/strong>. Ya recibi\u00f3 una orden y dice que la va a cumplir.<\/p>\n\n\n\n<figure class=\"wp-block-image size-full\"><img loading=\"lazy\" decoding=\"async\" width=\"1772\" height=\"1660\" src=\"https:\/\/plazajuarez.mx\/historico\/historico\/wp-content\/uploads\/2023\/04\/\u00a1CHINGAO-ERES-MI-HEROE-PERCY-Archivo.jpg\" alt=\"\" class=\"wp-image-258270\" srcset=\"https:\/\/plazajuarez.mx\/historico\/wp-content\/uploads\/2023\/04\/\u00a1CHINGAO-ERES-MI-HEROE-PERCY-Archivo.jpg 1772w, https:\/\/plazajuarez.mx\/historico\/wp-content\/uploads\/2023\/04\/\u00a1CHINGAO-ERES-MI-HEROE-PERCY-Archivo-768x719.jpg 768w, https:\/\/plazajuarez.mx\/historico\/wp-content\/uploads\/2023\/04\/\u00a1CHINGAO-ERES-MI-HEROE-PERCY-Archivo-1536x1439.jpg 1536w\" sizes=\"auto, (max-width: 1772px) 100vw, 1772px\" \/><\/figure>\n\n\n\n<p><strong>EDUCACI\u00d3N SUPERIOR GRATIS, \u201cVIABLE\u201d, DICE EL RECTOR\u2026 \u00bfY EL PATRONATO<\/strong>? \u2013 Se trata, sin duda de una de las iniciativas de ley m\u00e1s importantes que hayan presentado: se trata de la iniciativa para dar vida a la Ley de Educaci\u00f3n Superior del Estado de Hidalgo\u201d, que como ingrediente central lleva que sea gratuita y obligatoria. Nadie, en su sano juicio podr\u00e1 decir que no a esta propuesta. Es m\u00e1s, el rector de la UAEH, <strong>Octavio Castillo Acosta<\/strong>, dijo que la ve\u00eda \u201cviable y factible\u201d, a lo que no pocos cuestionaron con la mirada, \u201c\u00bfy luego entonces el Patronato Universitario dejar\u00e1 de manejar los recursos de la universidad?\u201d. Eso dicen.<\/p>\n\n\n\n<figure class=\"wp-block-image size-full\"><img loading=\"lazy\" decoding=\"async\" width=\"1364\" height=\"1365\" src=\"https:\/\/plazajuarez.mx\/historico\/historico\/wp-content\/uploads\/2023\/04\/EDUCACION-SUPERIOR-GRATIS-VIABLE-DICE-EL-RECTOR\u2026-\u00bfY-EL-PATRONATO_-FACEBOOK-OCTAVIO-CASTILLO-ACOSTA.jpg\" alt=\"\" class=\"wp-image-258271\" srcset=\"https:\/\/plazajuarez.mx\/historico\/wp-content\/uploads\/2023\/04\/EDUCACION-SUPERIOR-GRATIS-VIABLE-DICE-EL-RECTOR\u2026-\u00bfY-EL-PATRONATO_-FACEBOOK-OCTAVIO-CASTILLO-ACOSTA.jpg 1364w, https:\/\/plazajuarez.mx\/historico\/wp-content\/uploads\/2023\/04\/EDUCACION-SUPERIOR-GRATIS-VIABLE-DICE-EL-RECTOR\u2026-\u00bfY-EL-PATRONATO_-FACEBOOK-OCTAVIO-CASTILLO-ACOSTA-768x769.jpg 768w, https:\/\/plazajuarez.mx\/historico\/wp-content\/uploads\/2023\/04\/EDUCACION-SUPERIOR-GRATIS-VIABLE-DICE-EL-RECTOR\u2026-\u00bfY-EL-PATRONATO_-FACEBOOK-OCTAVIO-CASTILLO-ACOSTA-36x36.jpg 36w\" sizes=\"auto, (max-width: 1364px) 100vw, 1364px\" \/><\/figure>\n\n\n\n<p><strong>Aviso para que no digan: Esta columna se nutre de comentarios recabados por agencias del Recontra-Espionaje, muy similares a las que populariz\u00f3 el \u201cS\u00faper Agente 86\u201d en sus tiempos. Como tal lo que publicamos puede que sea cierto, puede que no, o todo lo contrario. Est\u00e1 usted en libertad de creer o no lo que lee, recontra-enojarse, recontra- carcajearse y hasta recontra-recordarnos a nuestra jefecita (nosotros recontra-haremos lo propio). Avisado est\u00e1 usted.&nbsp;<\/strong><\/p>\n\n\n\n<p><strong>desexenterado@gmail.com @desexenterado&nbsp;<\/strong><\/p>\n","protected":false},"excerpt":{"rendered":"<p>MOVIMIENTOS DE SUSPIRANTES A UNA CANDIDATURA. \u2013 Del lado de Morena, ya se ve que primero tienen que ir a los cursos, antes de apuntarse de manera p\u00fablica, lo que implica que varios Judas de otros partidos se hayan tenido que \u201cauto-balconear\u201d, ni modo que quieran argumentar que no se hab\u00edan dado cuenta que se [&hellip;]<\/p>\n","protected":false},"author":93,"featured_media":234681,"comment_status":"closed","ping_status":"closed","sticky":false,"template":"","format":"standard","meta":{"footnotes":""},"categories":[83],"tags":[],"class_list":["post-258267","post","type-post","status-publish","format-standard","has-post-thumbnail","hentry","category-dese-por-enterado"],"_links":{"self":[{"href":"https:\/\/plazajuarez.mx\/historico\/wp-json\/wp\/v2\/posts\/258267","targetHints":{"allow":["GET"]}}],"collection":[{"href":"https:\/\/plazajuarez.mx\/historico\/wp-json\/wp\/v2\/posts"}],"about":[{"href":"https:\/\/plazajuarez.mx\/historico\/wp-json\/wp\/v2\/types\/post"}],"author":[{"embeddable":true,"href":"https:\/\/plazajuarez.mx\/historico\/wp-json\/wp\/v2\/users\/93"}],"replies":[{"embeddable":true,"href":"https:\/\/plazajuarez.mx\/historico\/wp-json\/wp\/v2\/comments?post=258267"}],"version-history":[{"count":0,"href":"https:\/\/plazajuarez.mx\/historico\/wp-json\/wp\/v2\/posts\/258267\/revisions"}],"wp:featuredmedia":[{"embeddable":true,"href":"https:\/\/plazajuarez.mx\/historico\/wp-json\/wp\/v2\/media\/234681"}],"wp:attachment":[{"href":"https:\/\/plazajuarez.mx\/historico\/wp-json\/wp\/v2\/media?parent=258267"}],"wp:term":[{"taxonomy":"category","embeddable":true,"href":"https:\/\/plazajuarez.mx\/historico\/wp-json\/wp\/v2\/categories?post=258267"},{"taxonomy":"post_tag","embeddable":true,"href":"https:\/\/plazajuarez.mx\/historico\/wp-json\/wp\/v2\/tags?post=258267"}],"curies":[{"name":"wp","href":"https:\/\/api.w.org\/{rel}","templated":true}]}}