{"id":258265,"date":"2023-04-20T05:43:37","date_gmt":"2023-04-20T11:43:37","guid":{"rendered":"https:\/\/plazajuarez.mx\/?p=258265"},"modified":"2023-04-20T05:43:40","modified_gmt":"2023-04-20T11:43:40","slug":"aqui-esta-el-mar-la-primavera-la-vida","status":"publish","type":"post","link":"https:\/\/plazajuarez.mx\/historico\/aqui-esta-el-mar-la-primavera-la-vida\/","title":{"rendered":"Aqu\u00ed est\u00e1 el mar, la primavera, la vida"},"content":{"rendered":"\n<h2 class=\"wp-block-heading\"><em>LAGUNA DE VOCES<\/em><\/h2>\n\n\n\n<p>La lluvia que se oye cae lejos, en la noche refresca el jard\u00edn, da de beber al pasto sediento, y nutre los \u00e1rboles que se niegan a ser calcinados por el sol del mediod\u00eda. Agoniza abril cuando por fin, a casi un mes del 21 de marzo, el calor empieza a anunciarse para continuar el drama cotidiano de la vida, y empezar a dejar el fr\u00edo invernal, hasta hace poco insoportable, igual que ahora los term\u00f3metros que se disparan por las nubes.<\/p>\n\n\n\n<p>Nadie puede culpar al clima por lo que nos pasa, y con ello me refiero a la angustia del vivir sin haber dado con la raz\u00f3n esencial de las cosas. Por supuesto todos lo han intentado con fracasos similares, y tambi\u00e9n explicaciones que sorprenden por su ingenio. Pero en esencia resulta que la fantas\u00eda sustituye a las realidades.<\/p>\n\n\n\n<p>El cambio de estaciones asegura que la primavera necesariamente es alegr\u00eda, festejo por la vida, renovaci\u00f3n de esperanzas, pero tambi\u00e9n el regreso de antiguas celebraciones que hoy simplemente son sombras, algo que nunca volver\u00e1 a tener presencia. Los recuerdos generalmente resultan ser una broma mal elaborada de lo que evocan, y por eso son tan pegados a la melancol\u00eda.<\/p>\n\n\n\n<p>Apenas disfrutamos el instante de lo que pensamos eterno, cuando descubrimos que desaparece, se hace nada, y nos espanta porque nos sabemos condenados a esa misma condici\u00f3n por m\u00e1s que intentemos huir, escapar de lo que es imposible.<\/p>\n\n\n\n<p>Parece una sinraz\u00f3n que sea la estaci\u00f3n m\u00e1s brillante del a\u00f1o, la m\u00e1s ligada al mar, la playa por lo tanto, al olvido de la rutina, lo que en no pocas personas traiga de manera inmediata la evocaci\u00f3n de lo ido, lo perdido, lo que al final de cuentas solo cabr\u00e1 en la memoria del que evoca, del que implora al sol le permita regresar al instante justo en que se sorprendi\u00f3 con la constancia del agua, de la arena, del sonido, siempre en un regreso continuo.<\/p>\n\n\n\n<p>Todos tuvimos la intenci\u00f3n de quedarnos a vivir junto al mar cuando lo conocimos, porque adivinamos que el calor siempre presente, la imposibilidad que el mar un d\u00eda cualquiera desapareciera, nos otorgaba la certeza de que nosotros tampoco podr\u00edamos ir a ninguna parte que no fuera la vida junto a las olas.<\/p>\n\n\n\n<p>As\u00ed que construimos no los tradicionales castillos de arena, sino proyectos igual de fr\u00e1giles, en que nos ve\u00edamos siempre a la espera de que el sol se asomara en el horizonte del oc\u00e9ano, y adivin\u00e1bamos que en la noche se ocultar\u00eda con lealtad absoluta a sus designios.<\/p>\n\n\n\n<p>Luego vimos lo imposible de la encomienda, y dejamos para otro tiempo el sue\u00f1o de vivir junto al mar, para quedarnos junto a cerros pelones cada vez m\u00e1s grises; otros carcomidos por las palas mec\u00e1nicas que mes a mes desfiguran el rostro del paisaje rumbo a la carretera que lleva a Actopan.<\/p>\n\n\n\n<p>As\u00ed que todo, lo pensamos, es asunto de tener paciencia, esperar y un d\u00eda cualquiera salir rumbo a la arena eterna de la playa.<\/p>\n\n\n\n<p>Nunca sucedi\u00f3.<\/p>\n\n\n\n<p>Y si el nunca aparece, es porque es nunca.<\/p>\n\n\n\n<p>Igual que cuando pensamos pod\u00edamos ser astronautas, o un habitante de Par\u00eds para caminar por sus calles, mirar el r\u00edo, tomar caf\u00e9, hacer que escrib\u00edamos y festejar la vida porque era precisamente lo que esper\u00e1bamos.<\/p>\n\n\n\n<p>Como quiera ya vamos para un mes que lleg\u00f3 la primavera. Llueve a ratos. Ma\u00f1ana saldr\u00e1 el sol m\u00e1s rabioso que nunca. Aunque ahora que lo pienso, llueve por all\u00e1 donde se pone gris el cielo y humedece el aire. Pero aqu\u00ed mero, frente al escritorio donde escribo todas las noches, la \u00fanica agua que cae es la de una fuente que deben llenar diariamente hasta que tapen las milim\u00e9tricas fisuras del mosaico que provoca que se quede vac\u00eda al amanecer.<\/p>\n\n\n\n<p>Llueve en la vida de todos. Hace calor. Hace un tiempo que descubrimos la nostalgia de las primaveras.<\/p>\n\n\n\n<p>Mil gracias, hasta ma\u00f1ana.<\/p>\n\n\n\n<p><a href=\"mailto:jeperalta@plazajuarez.mx\/historico\/historico\">jeperalta@plazajuarez.mx\/historico\/historico<\/a><\/p>\n\n\n\n<p>@JavierEPeralta<\/p>\n\n\n\n<p>CITA:<\/p>\n\n\n\n<p><em><\/em><em>Parece una sinraz\u00f3n que sea la estaci\u00f3n m\u00e1s brillante del a\u00f1o, la m\u00e1s ligada al mar, la playa por lo tanto, al olvido de la rutina, lo que en no pocas personas traiga de manera inmediata la evocaci\u00f3n de lo ido, lo perdido, lo que al final de cuentas solo cabr\u00e1 en la memoria del que evoca, del que implora al sol le permita regresar al instante justo en que se sorprendi\u00f3 con la constancia del agua, de la arena, del sonido, siempre en un regreso continuo.<\/em><\/p>\n","protected":false},"excerpt":{"rendered":"<p>LAGUNA DE VOCES La lluvia que se oye cae lejos, en la noche refresca el jard\u00edn, da de beber al pasto sediento, y nutre los \u00e1rboles que se niegan a ser calcinados por el sol del mediod\u00eda. Agoniza abril cuando por fin, a casi un mes del 21 de marzo, el calor empieza a anunciarse [&hellip;]<\/p>\n","protected":false},"author":10,"featured_media":234866,"comment_status":"closed","ping_status":"closed","sticky":false,"template":"","format":"standard","meta":{"footnotes":""},"categories":[49,42],"tags":[],"class_list":["post-258265","post","type-post","status-publish","format-standard","has-post-thumbnail","hentry","category-javier-peralta","category-nuestrapalabra"],"_links":{"self":[{"href":"https:\/\/plazajuarez.mx\/historico\/wp-json\/wp\/v2\/posts\/258265","targetHints":{"allow":["GET"]}}],"collection":[{"href":"https:\/\/plazajuarez.mx\/historico\/wp-json\/wp\/v2\/posts"}],"about":[{"href":"https:\/\/plazajuarez.mx\/historico\/wp-json\/wp\/v2\/types\/post"}],"author":[{"embeddable":true,"href":"https:\/\/plazajuarez.mx\/historico\/wp-json\/wp\/v2\/users\/10"}],"replies":[{"embeddable":true,"href":"https:\/\/plazajuarez.mx\/historico\/wp-json\/wp\/v2\/comments?post=258265"}],"version-history":[{"count":0,"href":"https:\/\/plazajuarez.mx\/historico\/wp-json\/wp\/v2\/posts\/258265\/revisions"}],"wp:featuredmedia":[{"embeddable":true,"href":"https:\/\/plazajuarez.mx\/historico\/wp-json\/wp\/v2\/media\/234866"}],"wp:attachment":[{"href":"https:\/\/plazajuarez.mx\/historico\/wp-json\/wp\/v2\/media?parent=258265"}],"wp:term":[{"taxonomy":"category","embeddable":true,"href":"https:\/\/plazajuarez.mx\/historico\/wp-json\/wp\/v2\/categories?post=258265"},{"taxonomy":"post_tag","embeddable":true,"href":"https:\/\/plazajuarez.mx\/historico\/wp-json\/wp\/v2\/tags?post=258265"}],"curies":[{"name":"wp","href":"https:\/\/api.w.org\/{rel}","templated":true}]}}