{"id":258219,"date":"2023-04-20T05:00:00","date_gmt":"2023-04-20T11:00:00","guid":{"rendered":"https:\/\/plazajuarez.mx\/?p=258219"},"modified":"2023-04-20T05:57:12","modified_gmt":"2023-04-20T11:57:12","slug":"realizan-simulacro-en-palacio-de-gobierno","status":"publish","type":"post","link":"https:\/\/plazajuarez.mx\/historico\/realizan-simulacro-en-palacio-de-gobierno\/","title":{"rendered":"<strong>Hidalgo reduce el tiempo de simulacro a la mitad\u00a0<\/strong>"},"content":{"rendered":"\n<p class=\"wp-block-paragraph\">La entidad se sum\u00f3 al ejercicio del Simulacro Nacional 2023, con hip\u00f3tesis de sismo, mismo que se realiz\u00f3 en punto de las 11:00 horas en diferentes municipios del estado, participando dependencias estatales y federales, as\u00ed como instituciones p\u00fablicas y privadas.<\/p>\n\n\n\n<center><iframe loading=\"lazy\" src=\"https:\/\/www.facebook.com\/plugins\/video.php?height=308&amp;href=https%3A%2F%2Fwww.facebook.com%2Fdiarioplazajuarez%2Fvideos%2F212356738092981%2F&amp;show_text=false&amp;width=560&amp;t=0\" width=\"560\" height=\"308\" style=\"border:none;overflow:hidden\" scrolling=\"no\" frameborder=\"0\" allowfullscreen=\"true\" allow=\"autoplay; clipboard-write; encrypted-media; picture-in-picture; web-share\"><\/iframe><\/center>\n\n\n\n<hr class=\"wp-block-separator has-alpha-channel-opacity\"\/>\n\n\n\n<p class=\"wp-block-paragraph\">De acuerdo con el titular de la subsecretar\u00eda de Protecci\u00f3n Civil y Gesti\u00f3n de Riesgos, Francisco Quijas, con el ejercicio fueron evacuadas 872 trabajadores de la sede del ejecutivo estatal en un tiempo de 5 minutos con 30 segundos.<\/p>\n\n\n\n<center><iframe loading=\"lazy\" src=\"https:\/\/www.facebook.com\/plugins\/post.php?href=https%3A%2F%2Fwww.facebook.com%2Fdiarioplazajuarez%2Fposts%2F706349978159042&amp;show_text=true&amp;width=500\" width=\"500\" height=\"430\" style=\"border:none;overflow:hidden\" scrolling=\"no\" frameborder=\"0\" allowfullscreen=\"true\" allow=\"autoplay; clipboard-write; encrypted-media; picture-in-picture; web-share\"><\/iframe><\/center>\n\n\n\n<hr class=\"wp-block-separator has-alpha-channel-opacity\"\/>\n\n\n\n<p class=\"wp-block-paragraph\">Al respecto, el gobernador del estado, Julio Menchaca Salazar, asegur\u00f3 que el simulacro redujo tiempos en comparaci\u00f3n con el a\u00f1o anterior \u201cen el \u00faltimo ejercicio se tardaron 10 minutos, se redujo a la mitad, pero lo ideal ser\u00eda en dos minutos, se van a repetir los ejercicios, en todos los edificios p\u00fablicos y privados porque estos fen\u00f3menos de la naturaleza no respeta de quienes son los inmuebles o quienes trabajan\u201d.<\/p>\n\n\n\n<p class=\"wp-block-paragraph\">Asimismo puntualiz\u00f3 que en la subsecretar\u00eda de Protecci\u00f3n Civil, analizan la posibilidad de instalar alertas s\u00edsmicas en diferentes puntos de la entidad.<\/p>\n\n\n\n<center><iframe loading=\"lazy\" src=\"https:\/\/www.facebook.com\/plugins\/post.php?href=https%3A%2F%2Fwww.facebook.com%2Fdiarioplazajuarez%2Fposts%2F706363091491064&amp;show_text=true&amp;width=500\" width=\"500\" height=\"454\" style=\"border:none;overflow:hidden\" scrolling=\"no\" frameborder=\"0\" allowfullscreen=\"true\" allow=\"autoplay; clipboard-write; encrypted-media; picture-in-picture; web-share\"><\/iframe><\/center>\n\n\n\n<hr class=\"wp-block-separator has-alpha-channel-opacity\"\/>\n\n\n\n<p class=\"wp-block-paragraph\"><\/p>\n","protected":false},"excerpt":{"rendered":"<p>La entidad se sum\u00f3 al ejercicio del Simulacro Nacional 2023, con hip\u00f3tesis de sismo, mismo que se realiz\u00f3 en punto de las 11:00 horas en diferentes municipios del estado, participando dependencias estatales y federales, as\u00ed como instituciones p\u00fablicas y privadas. De acuerdo con el titular de la subsecretar\u00eda de Protecci\u00f3n Civil y Gesti\u00f3n de Riesgos, [&hellip;]<\/p>\n","protected":false},"author":73,"featured_media":258220,"comment_status":"closed","ping_status":"closed","sticky":false,"template":"","format":"standard","meta":{"footnotes":""},"categories":[15,59,2159],"tags":[],"class_list":["post-258219","post","type-post","status-publish","format-standard","has-post-thumbnail","hentry","category-destacadas","category-general","category-noticias-de-hidalgo"],"_links":{"self":[{"href":"https:\/\/plazajuarez.mx\/historico\/wp-json\/wp\/v2\/posts\/258219","targetHints":{"allow":["GET"]}}],"collection":[{"href":"https:\/\/plazajuarez.mx\/historico\/wp-json\/wp\/v2\/posts"}],"about":[{"href":"https:\/\/plazajuarez.mx\/historico\/wp-json\/wp\/v2\/types\/post"}],"author":[{"embeddable":true,"href":"https:\/\/plazajuarez.mx\/historico\/wp-json\/wp\/v2\/users\/73"}],"replies":[{"embeddable":true,"href":"https:\/\/plazajuarez.mx\/historico\/wp-json\/wp\/v2\/comments?post=258219"}],"version-history":[{"count":0,"href":"https:\/\/plazajuarez.mx\/historico\/wp-json\/wp\/v2\/posts\/258219\/revisions"}],"wp:featuredmedia":[{"embeddable":true,"href":"https:\/\/plazajuarez.mx\/historico\/wp-json\/wp\/v2\/media\/258220"}],"wp:attachment":[{"href":"https:\/\/plazajuarez.mx\/historico\/wp-json\/wp\/v2\/media?parent=258219"}],"wp:term":[{"taxonomy":"category","embeddable":true,"href":"https:\/\/plazajuarez.mx\/historico\/wp-json\/wp\/v2\/categories?post=258219"},{"taxonomy":"post_tag","embeddable":true,"href":"https:\/\/plazajuarez.mx\/historico\/wp-json\/wp\/v2\/tags?post=258219"}],"curies":[{"name":"wp","href":"https:\/\/api.w.org\/{rel}","templated":true}]}}