{"id":258158,"date":"2023-04-19T06:12:05","date_gmt":"2023-04-19T12:12:05","guid":{"rendered":"https:\/\/plazajuarez.mx\/?p=258158"},"modified":"2023-04-19T06:12:07","modified_gmt":"2023-04-19T12:12:07","slug":"atropellan-a-adulta-mayor-en-acatlan","status":"publish","type":"post","link":"https:\/\/plazajuarez.mx\/historico\/atropellan-a-adulta-mayor-en-acatlan\/","title":{"rendered":"Atropellan a adulta mayor en Acatl\u00e1n"},"content":{"rendered":"\n<p class=\"wp-block-paragraph\"><strong>ACATL\u00c1N.- <\/strong>Una mujer de 89 a\u00f1os de edad fue atropellada en una c\u00e9ntrica calle de Acatl\u00e1n la ma\u00f1ana del pasado martes, por un automovilista que se presume conduc\u00eda a exceso de velocidad, de acuerdo con testigos.<\/p>\n\n\n\n<p class=\"wp-block-paragraph\">La mujer de la tercera edad termin\u00f3 con fracturas en una de sus extremidades luego de ser arrollada, en la calle Ju\u00e1rez del centro de Acatl\u00e1n, justo enfrente del Mercado Municipal.<\/p>\n\n\n\n<p class=\"wp-block-paragraph\">De acuerdo con algunos testimonios, el veh\u00edculo circulaba a alta velocidad, por lo que no se percat\u00f3 cuando la se\u00f1ora de tercera edad, cruzaba la calle.&nbsp;<\/p>\n\n\n\n<p class=\"wp-block-paragraph\">La mujer fue identificada con el nombre de iniciales E. S. A.&nbsp;<\/p>\n\n\n\n<p class=\"wp-block-paragraph\">Al lugar acudieron elementos de Protecci\u00f3n Civil y de Seguridad P\u00fablica del municipio, quienes se\u00f1alaron que la persona fue atendida por param\u00e9dicos, y despu\u00e9s fue trasladada a una cl\u00ednica particular en Tulancingo, donde se report\u00f3 fuera de peligro pero con fracturas en uno de sus brazos.<\/p>\n\n\n\n<p class=\"wp-block-paragraph\">En cuanto al presunto responsable, se inform\u00f3 que conduc\u00eda un auto de tres puertas color blanco y permaneci\u00f3 en el lugar hasta que llegaron los cuerpos de emergencia y despu\u00e9s acompa\u00f1\u00f3 a familiares de la se\u00f1ora al nosocomio.<\/p>\n\n\n\n<p class=\"wp-block-paragraph\">El jefe de polic\u00eda, Renato Bar\u00f3n Zarza, confirm\u00f3 que el responsable se har\u00e1 cargo de todos los gastos m\u00e9dicos que resulten y asegur\u00f3 que hay apertura para absorber la responsabilidad por el incidente.<\/p>\n","protected":false},"excerpt":{"rendered":"<p>ACATL\u00c1N.- Una mujer de 89 a\u00f1os de edad fue atropellada en una c\u00e9ntrica calle de Acatl\u00e1n la ma\u00f1ana del pasado martes, por un automovilista que se presume conduc\u00eda a exceso de velocidad, de acuerdo con testigos. La mujer de la tercera edad termin\u00f3 con fracturas en una de sus extremidades luego de ser arrollada, en [&hellip;]<\/p>\n","protected":false},"author":70,"featured_media":258159,"comment_status":"closed","ping_status":"closed","sticky":false,"template":"","format":"standard","meta":{"footnotes":""},"categories":[2159,40],"tags":[],"class_list":["post-258158","post","type-post","status-publish","format-standard","has-post-thumbnail","hentry","category-noticias-de-hidalgo","category-region"],"_links":{"self":[{"href":"https:\/\/plazajuarez.mx\/historico\/wp-json\/wp\/v2\/posts\/258158","targetHints":{"allow":["GET"]}}],"collection":[{"href":"https:\/\/plazajuarez.mx\/historico\/wp-json\/wp\/v2\/posts"}],"about":[{"href":"https:\/\/plazajuarez.mx\/historico\/wp-json\/wp\/v2\/types\/post"}],"author":[{"embeddable":true,"href":"https:\/\/plazajuarez.mx\/historico\/wp-json\/wp\/v2\/users\/70"}],"replies":[{"embeddable":true,"href":"https:\/\/plazajuarez.mx\/historico\/wp-json\/wp\/v2\/comments?post=258158"}],"version-history":[{"count":0,"href":"https:\/\/plazajuarez.mx\/historico\/wp-json\/wp\/v2\/posts\/258158\/revisions"}],"wp:featuredmedia":[{"embeddable":true,"href":"https:\/\/plazajuarez.mx\/historico\/wp-json\/wp\/v2\/media\/258159"}],"wp:attachment":[{"href":"https:\/\/plazajuarez.mx\/historico\/wp-json\/wp\/v2\/media?parent=258158"}],"wp:term":[{"taxonomy":"category","embeddable":true,"href":"https:\/\/plazajuarez.mx\/historico\/wp-json\/wp\/v2\/categories?post=258158"},{"taxonomy":"post_tag","embeddable":true,"href":"https:\/\/plazajuarez.mx\/historico\/wp-json\/wp\/v2\/tags?post=258158"}],"curies":[{"name":"wp","href":"https:\/\/api.w.org\/{rel}","templated":true}]}}