{"id":258133,"date":"2023-04-19T06:01:28","date_gmt":"2023-04-19T12:01:28","guid":{"rendered":"https:\/\/plazajuarez.mx\/?p=258133"},"modified":"2023-04-19T06:01:32","modified_gmt":"2023-04-19T12:01:32","slug":"dese-por-enterado-1111","status":"publish","type":"post","link":"https:\/\/plazajuarez.mx\/historico\/dese-por-enterado-1111\/","title":{"rendered":"DESE POR ENTERADO"},"content":{"rendered":"\n<p><strong>PERCY ATACA DE NUEVO<\/strong>. &#8211; El eterno dirigente del Sindicato de Trabajadores al Servicio del municipio de Pachuca, <strong>Percy Espinoza Bustamante<\/strong>, se ha dado gusto en eso de desairar invitaciones del alcalde, <strong>Sergio Ba\u00f1os<\/strong>, para dialogar y evitar la huelga, que ya est\u00e1 a punto de estallar. El error del edil es dirigir las invitaciones al \u201cdirigente\u201d, y lo mejor ser\u00eda que lo hiciera con su Santo Patroncito que desde hace mucho lo controla desde el Patronato Universitario de la UAEH. Y como ahora se le ha metido al susodicho que quiere poner alcalde en la capital hidalguense, pues nada mejor que usar a don Percy, provocar una huelga, y de pronto presentar al \u201csalvador\u201d o a la \u201csalvadora\u201d del ayuntamiento. El viejo truco del t\u00edtere.<\/p>\n\n\n\n<figure class=\"wp-block-image size-full\"><img loading=\"lazy\" decoding=\"async\" width=\"1089\" height=\"725\" src=\"https:\/\/plazajuarez.mx\/historico\/historico\/wp-content\/uploads\/2023\/04\/PERCY-ATACA-DE-NUEVO-Redes-sociales.jpg\" alt=\"\" class=\"wp-image-258134\" srcset=\"https:\/\/plazajuarez.mx\/historico\/wp-content\/uploads\/2023\/04\/PERCY-ATACA-DE-NUEVO-Redes-sociales.jpg 1089w, https:\/\/plazajuarez.mx\/historico\/wp-content\/uploads\/2023\/04\/PERCY-ATACA-DE-NUEVO-Redes-sociales-768x511.jpg 768w, https:\/\/plazajuarez.mx\/historico\/wp-content\/uploads\/2023\/04\/PERCY-ATACA-DE-NUEVO-Redes-sociales-274x183.jpg 274w, https:\/\/plazajuarez.mx\/historico\/wp-content\/uploads\/2023\/04\/PERCY-ATACA-DE-NUEVO-Redes-sociales-80x54.jpg 80w, https:\/\/plazajuarez.mx\/historico\/wp-content\/uploads\/2023\/04\/PERCY-ATACA-DE-NUEVO-Redes-sociales-130x87.jpg 130w, https:\/\/plazajuarez.mx\/historico\/wp-content\/uploads\/2023\/04\/PERCY-ATACA-DE-NUEVO-Redes-sociales-359x240.jpg 359w, https:\/\/plazajuarez.mx\/historico\/wp-content\/uploads\/2023\/04\/PERCY-ATACA-DE-NUEVO-Redes-sociales-85x57.jpg 85w, https:\/\/plazajuarez.mx\/historico\/wp-content\/uploads\/2023\/04\/PERCY-ATACA-DE-NUEVO-Redes-sociales-165x109.jpg 165w, https:\/\/plazajuarez.mx\/historico\/wp-content\/uploads\/2023\/04\/PERCY-ATACA-DE-NUEVO-Redes-sociales-112x75.jpg 112w, https:\/\/plazajuarez.mx\/historico\/wp-content\/uploads\/2023\/04\/PERCY-ATACA-DE-NUEVO-Redes-sociales-179x120.jpg 179w, https:\/\/plazajuarez.mx\/historico\/wp-content\/uploads\/2023\/04\/PERCY-ATACA-DE-NUEVO-Redes-sociales-170x113.jpg 170w, https:\/\/plazajuarez.mx\/historico\/wp-content\/uploads\/2023\/04\/PERCY-ATACA-DE-NUEVO-Redes-sociales-81x55.jpg 81w, https:\/\/plazajuarez.mx\/historico\/wp-content\/uploads\/2023\/04\/PERCY-ATACA-DE-NUEVO-Redes-sociales-765x510.jpg 765w\" sizes=\"auto, (max-width: 1089px) 100vw, 1089px\" \/><\/figure>\n\n\n\n<p><strong>TODOS AMAN A FRANCISCO XAVI BERGANZA.<\/strong> \u2013 Ahorita no tiene partido pol\u00edtico, ni representa a nadie (bueno, nunca ha representado a nadie que no sean sus intereses), pero jura y perjura que \u00e9l, y solo \u00e9l, es el fiel de la balanza entre los partidos pol\u00edticos, menos Morena porque no lo quiso postular como candidato a gobernador. De tal modo que, no lo dijo por supuesto pero afirman que lo pens\u00f3, est\u00e1 por anunciar en internet su disposici\u00f3n para que lo postulen como aspirante \u00a1al Senado de la Rep\u00fablica! Ya ven que fue una maravilla cuando tuvo ese cargo (no hizo absolutamente nada). Pero no faltan los que de mente enana lo vean como \u201ct\u00fa ser hombre blanco, t\u00fa artista, t\u00fa representarnos a nosotros que admirarte mucho\u201d. Es un mal chiste, pero ojal\u00e1 a nadie se le ocurra revivir pol\u00edticamente a este vividor.<\/p>\n\n\n\n<figure class=\"wp-block-image size-full\"><img loading=\"lazy\" decoding=\"async\" width=\"2297\" height=\"1533\" src=\"https:\/\/plazajuarez.mx\/historico\/historico\/wp-content\/uploads\/2023\/04\/TODOS-AMAN-A-FRANCISCO-XAVI-BERGANZA-CORTESIA.jpg\" alt=\"\" class=\"wp-image-258136\" srcset=\"https:\/\/plazajuarez.mx\/historico\/wp-content\/uploads\/2023\/04\/TODOS-AMAN-A-FRANCISCO-XAVI-BERGANZA-CORTESIA.jpg 2297w, https:\/\/plazajuarez.mx\/historico\/wp-content\/uploads\/2023\/04\/TODOS-AMAN-A-FRANCISCO-XAVI-BERGANZA-CORTESIA-768x513.jpg 768w, https:\/\/plazajuarez.mx\/historico\/wp-content\/uploads\/2023\/04\/TODOS-AMAN-A-FRANCISCO-XAVI-BERGANZA-CORTESIA-1536x1025.jpg 1536w, https:\/\/plazajuarez.mx\/historico\/wp-content\/uploads\/2023\/04\/TODOS-AMAN-A-FRANCISCO-XAVI-BERGANZA-CORTESIA-2048x1367.jpg 2048w, https:\/\/plazajuarez.mx\/historico\/wp-content\/uploads\/2023\/04\/TODOS-AMAN-A-FRANCISCO-XAVI-BERGANZA-CORTESIA-274x183.jpg 274w, https:\/\/plazajuarez.mx\/historico\/wp-content\/uploads\/2023\/04\/TODOS-AMAN-A-FRANCISCO-XAVI-BERGANZA-CORTESIA-80x54.jpg 80w, https:\/\/plazajuarez.mx\/historico\/wp-content\/uploads\/2023\/04\/TODOS-AMAN-A-FRANCISCO-XAVI-BERGANZA-CORTESIA-130x87.jpg 130w, https:\/\/plazajuarez.mx\/historico\/wp-content\/uploads\/2023\/04\/TODOS-AMAN-A-FRANCISCO-XAVI-BERGANZA-CORTESIA-359x240.jpg 359w, https:\/\/plazajuarez.mx\/historico\/wp-content\/uploads\/2023\/04\/TODOS-AMAN-A-FRANCISCO-XAVI-BERGANZA-CORTESIA-85x57.jpg 85w, https:\/\/plazajuarez.mx\/historico\/wp-content\/uploads\/2023\/04\/TODOS-AMAN-A-FRANCISCO-XAVI-BERGANZA-CORTESIA-546x365.jpg 546w, https:\/\/plazajuarez.mx\/historico\/wp-content\/uploads\/2023\/04\/TODOS-AMAN-A-FRANCISCO-XAVI-BERGANZA-CORTESIA-266x179.jpg 266w, https:\/\/plazajuarez.mx\/historico\/wp-content\/uploads\/2023\/04\/TODOS-AMAN-A-FRANCISCO-XAVI-BERGANZA-CORTESIA-165x109.jpg 165w, https:\/\/plazajuarez.mx\/historico\/wp-content\/uploads\/2023\/04\/TODOS-AMAN-A-FRANCISCO-XAVI-BERGANZA-CORTESIA-347x233.jpg 347w, https:\/\/plazajuarez.mx\/historico\/wp-content\/uploads\/2023\/04\/TODOS-AMAN-A-FRANCISCO-XAVI-BERGANZA-CORTESIA-112x75.jpg 112w, https:\/\/plazajuarez.mx\/historico\/wp-content\/uploads\/2023\/04\/TODOS-AMAN-A-FRANCISCO-XAVI-BERGANZA-CORTESIA-179x120.jpg 179w, https:\/\/plazajuarez.mx\/historico\/wp-content\/uploads\/2023\/04\/TODOS-AMAN-A-FRANCISCO-XAVI-BERGANZA-CORTESIA-170x113.jpg 170w, https:\/\/plazajuarez.mx\/historico\/wp-content\/uploads\/2023\/04\/TODOS-AMAN-A-FRANCISCO-XAVI-BERGANZA-CORTESIA-81x55.jpg 81w, https:\/\/plazajuarez.mx\/historico\/wp-content\/uploads\/2023\/04\/TODOS-AMAN-A-FRANCISCO-XAVI-BERGANZA-CORTESIA-765x510.jpg 765w\" sizes=\"auto, (max-width: 2297px) 100vw, 2297px\" \/><\/figure>\n\n\n\n<p><strong>LO SIENTO, PERO ME VOY AL CURSO<\/strong>. \u2013 Digan lo que digan, m\u00e1s seguro, m\u00e1s marrao, y por lo mientras me voy a apuntar al curso de preparaci\u00f3n de Morena para ser un buen candidato al puesto de elecci\u00f3n popular que se pueda. No pongo condiciones, y es m\u00e1s, incluso si es necesario, firmo contrato para cobrar por evento al m\u00e1s puro estilo del maestro de maestro en estas lides, el Paco Xavi. Ustedes sabr\u00e1n si se pierden la oportunidad de llevarse a esta chulada de futuro abanderado. Ap\u00farense a contactarme porque, lo crean o no, estoy bien cotizado en la far\u00e1ndula de la pol\u00edtica.<\/p>\n\n\n\n<figure class=\"wp-block-image size-full\"><img loading=\"lazy\" decoding=\"async\" width=\"2048\" height=\"2048\" src=\"https:\/\/plazajuarez.mx\/historico\/historico\/wp-content\/uploads\/2023\/04\/LO-SIENTO-PERO-ME-VOY-AL-CURSO-Redes-sociales.jpg\" alt=\"\" class=\"wp-image-258135\" srcset=\"https:\/\/plazajuarez.mx\/historico\/wp-content\/uploads\/2023\/04\/LO-SIENTO-PERO-ME-VOY-AL-CURSO-Redes-sociales.jpg 2048w, https:\/\/plazajuarez.mx\/historico\/wp-content\/uploads\/2023\/04\/LO-SIENTO-PERO-ME-VOY-AL-CURSO-Redes-sociales-768x768.jpg 768w, https:\/\/plazajuarez.mx\/historico\/wp-content\/uploads\/2023\/04\/LO-SIENTO-PERO-ME-VOY-AL-CURSO-Redes-sociales-1536x1536.jpg 1536w, https:\/\/plazajuarez.mx\/historico\/wp-content\/uploads\/2023\/04\/LO-SIENTO-PERO-ME-VOY-AL-CURSO-Redes-sociales-36x36.jpg 36w\" sizes=\"auto, (max-width: 2048px) 100vw, 2048px\" \/><\/figure>\n\n\n\n<p><strong>VIENEN CAMBIOS, FINALMENTE, EN LA UNIVERSIDAD DEL ESTADO DE HIDALGO<\/strong>. \u2013 No, tampoco es que vayan a ser ma\u00f1ana, pero ya empez\u00f3 el proceso para que se registre un cambio a fondo en la Universidad Aut\u00f3noma del Estado de Hidalgo, donde por fin ser\u00e1 el rector quien pueda decidir el uso de los recursos econ\u00f3micos que recibe anualmente y no un Patronato Universitario que hace y deshace a su entero gusto desde mucho, pero mucho tiempo. Tampoco es que el rector actual haya salido respond\u00f3n al l\u00edder m\u00e1ximo de la instituci\u00f3n educativa. No se haga bolas. Simplemente, les aviso, el proceso ya empez\u00f3 y ni tiempo les dar\u00e1 de meter las manitas a los que todav\u00eda se creen invulnerables.<\/p>\n\n\n\n<figure class=\"wp-block-image size-full\"><img loading=\"lazy\" decoding=\"async\" width=\"1200\" height=\"800\" src=\"https:\/\/plazajuarez.mx\/historico\/historico\/wp-content\/uploads\/2023\/04\/VIENEN-CAMBIOS-FINALMENTE-EN-LA-UNIVERSIDAD-DEL-ESTADO-DE-HIDALGO-Redes-sociales.jpg\" alt=\"\" class=\"wp-image-258137\" srcset=\"https:\/\/plazajuarez.mx\/historico\/wp-content\/uploads\/2023\/04\/VIENEN-CAMBIOS-FINALMENTE-EN-LA-UNIVERSIDAD-DEL-ESTADO-DE-HIDALGO-Redes-sociales.jpg 1200w, https:\/\/plazajuarez.mx\/historico\/wp-content\/uploads\/2023\/04\/VIENEN-CAMBIOS-FINALMENTE-EN-LA-UNIVERSIDAD-DEL-ESTADO-DE-HIDALGO-Redes-sociales-768x512.jpg 768w, https:\/\/plazajuarez.mx\/historico\/wp-content\/uploads\/2023\/04\/VIENEN-CAMBIOS-FINALMENTE-EN-LA-UNIVERSIDAD-DEL-ESTADO-DE-HIDALGO-Redes-sociales-274x183.jpg 274w, https:\/\/plazajuarez.mx\/historico\/wp-content\/uploads\/2023\/04\/VIENEN-CAMBIOS-FINALMENTE-EN-LA-UNIVERSIDAD-DEL-ESTADO-DE-HIDALGO-Redes-sociales-80x54.jpg 80w, https:\/\/plazajuarez.mx\/historico\/wp-content\/uploads\/2023\/04\/VIENEN-CAMBIOS-FINALMENTE-EN-LA-UNIVERSIDAD-DEL-ESTADO-DE-HIDALGO-Redes-sociales-130x87.jpg 130w, https:\/\/plazajuarez.mx\/historico\/wp-content\/uploads\/2023\/04\/VIENEN-CAMBIOS-FINALMENTE-EN-LA-UNIVERSIDAD-DEL-ESTADO-DE-HIDALGO-Redes-sociales-359x240.jpg 359w, https:\/\/plazajuarez.mx\/historico\/wp-content\/uploads\/2023\/04\/VIENEN-CAMBIOS-FINALMENTE-EN-LA-UNIVERSIDAD-DEL-ESTADO-DE-HIDALGO-Redes-sociales-85x57.jpg 85w, https:\/\/plazajuarez.mx\/historico\/wp-content\/uploads\/2023\/04\/VIENEN-CAMBIOS-FINALMENTE-EN-LA-UNIVERSIDAD-DEL-ESTADO-DE-HIDALGO-Redes-sociales-546x365.jpg 546w, https:\/\/plazajuarez.mx\/historico\/wp-content\/uploads\/2023\/04\/VIENEN-CAMBIOS-FINALMENTE-EN-LA-UNIVERSIDAD-DEL-ESTADO-DE-HIDALGO-Redes-sociales-165x109.jpg 165w, https:\/\/plazajuarez.mx\/historico\/wp-content\/uploads\/2023\/04\/VIENEN-CAMBIOS-FINALMENTE-EN-LA-UNIVERSIDAD-DEL-ESTADO-DE-HIDALGO-Redes-sociales-112x75.jpg 112w, https:\/\/plazajuarez.mx\/historico\/wp-content\/uploads\/2023\/04\/VIENEN-CAMBIOS-FINALMENTE-EN-LA-UNIVERSIDAD-DEL-ESTADO-DE-HIDALGO-Redes-sociales-179x120.jpg 179w, https:\/\/plazajuarez.mx\/historico\/wp-content\/uploads\/2023\/04\/VIENEN-CAMBIOS-FINALMENTE-EN-LA-UNIVERSIDAD-DEL-ESTADO-DE-HIDALGO-Redes-sociales-170x113.jpg 170w, https:\/\/plazajuarez.mx\/historico\/wp-content\/uploads\/2023\/04\/VIENEN-CAMBIOS-FINALMENTE-EN-LA-UNIVERSIDAD-DEL-ESTADO-DE-HIDALGO-Redes-sociales-81x55.jpg 81w, https:\/\/plazajuarez.mx\/historico\/wp-content\/uploads\/2023\/04\/VIENEN-CAMBIOS-FINALMENTE-EN-LA-UNIVERSIDAD-DEL-ESTADO-DE-HIDALGO-Redes-sociales-765x510.jpg 765w\" sizes=\"auto, (max-width: 1200px) 100vw, 1200px\" \/><\/figure>\n\n\n\n<p><strong>Aviso para que no digan: Esta columna se nutre de comentarios recabados por agencias del Recontra-Espionaje, muy similares a las que populariz\u00f3 el \u201cS\u00faper Agente 86\u201d en sus tiempos. Como tal lo que publicamos puede que sea cierto, puede que no, o todo lo contrario. Est\u00e1 usted en libertad de creer o no lo que lee, recontra-enojarse, recontra- carcajearse y hasta recontra-recordarnos a nuestra jefecita (nosotros recontra-haremos lo propio). Avisado est\u00e1 usted.&nbsp;<\/strong><\/p>\n\n\n\n<p><strong>desexenterado@gmail.com @desexenterado&nbsp;<\/strong><\/p>\n","protected":false},"excerpt":{"rendered":"<p>PERCY ATACA DE NUEVO. &#8211; El eterno dirigente del Sindicato de Trabajadores al Servicio del municipio de Pachuca, Percy Espinoza Bustamante, se ha dado gusto en eso de desairar invitaciones del alcalde, Sergio Ba\u00f1os, para dialogar y evitar la huelga, que ya est\u00e1 a punto de estallar. El error del edil es dirigir las invitaciones [&hellip;]<\/p>\n","protected":false},"author":93,"featured_media":234681,"comment_status":"closed","ping_status":"closed","sticky":false,"template":"","format":"standard","meta":{"footnotes":""},"categories":[83],"tags":[],"class_list":["post-258133","post","type-post","status-publish","format-standard","has-post-thumbnail","hentry","category-dese-por-enterado"],"_links":{"self":[{"href":"https:\/\/plazajuarez.mx\/historico\/wp-json\/wp\/v2\/posts\/258133","targetHints":{"allow":["GET"]}}],"collection":[{"href":"https:\/\/plazajuarez.mx\/historico\/wp-json\/wp\/v2\/posts"}],"about":[{"href":"https:\/\/plazajuarez.mx\/historico\/wp-json\/wp\/v2\/types\/post"}],"author":[{"embeddable":true,"href":"https:\/\/plazajuarez.mx\/historico\/wp-json\/wp\/v2\/users\/93"}],"replies":[{"embeddable":true,"href":"https:\/\/plazajuarez.mx\/historico\/wp-json\/wp\/v2\/comments?post=258133"}],"version-history":[{"count":0,"href":"https:\/\/plazajuarez.mx\/historico\/wp-json\/wp\/v2\/posts\/258133\/revisions"}],"wp:featuredmedia":[{"embeddable":true,"href":"https:\/\/plazajuarez.mx\/historico\/wp-json\/wp\/v2\/media\/234681"}],"wp:attachment":[{"href":"https:\/\/plazajuarez.mx\/historico\/wp-json\/wp\/v2\/media?parent=258133"}],"wp:term":[{"taxonomy":"category","embeddable":true,"href":"https:\/\/plazajuarez.mx\/historico\/wp-json\/wp\/v2\/categories?post=258133"},{"taxonomy":"post_tag","embeddable":true,"href":"https:\/\/plazajuarez.mx\/historico\/wp-json\/wp\/v2\/tags?post=258133"}],"curies":[{"name":"wp","href":"https:\/\/api.w.org\/{rel}","templated":true}]}}