{"id":258131,"date":"2023-04-19T05:59:32","date_gmt":"2023-04-19T11:59:32","guid":{"rendered":"https:\/\/plazajuarez.mx\/?p=258131"},"modified":"2023-04-19T05:59:38","modified_gmt":"2023-04-19T11:59:38","slug":"para-comprender-el-poder","status":"publish","type":"post","link":"https:\/\/plazajuarez.mx\/historico\/para-comprender-el-poder\/","title":{"rendered":"Para comprender el poder\u00a0"},"content":{"rendered":"\n<h2 class=\"wp-block-heading\">RETRATOS HABLADOS<\/h2>\n\n\n\n<p>Hay un elemento que con mucha frecuencia olvidan los hombres y mujeres de poder pol\u00edtico y\/o econ\u00f3mico: la fragilidad de la vida, la absoluta facilidad con la que se pierde y podemos comprobar que nadie, absolutamente nadie, la tiene asegurada por el tiempo que desea. Se extingue cuando debe extinguirse y por supuesto que lastima a los que nos quedamos, pero en una justa evaluaci\u00f3n, hay personas que tuvieron no solo el don de ser amables y buenos con sus semejantes, sino disfrutarla.<\/p>\n\n\n\n<p>Es pues muy corta, y con una constancia que debiera por lo menos llamarnos la atenci\u00f3n, de repente a los espectadores del escenario del poder, nos da por empezar a pensar que se trata de seres inmortales, ajenos a las veleidades de la vida com\u00fan y corriente, y que nosotros partiremos un d\u00eda cualquiera, pero ellos y ellas no.<\/p>\n\n\n\n<p>Reconocer la fragilidad de la vida es un buen principio en las personas que acceden a un cargo de poder pol\u00edtico, un buen signo que debe ser evaluado y recordado permanentemente para, en su caso, record\u00e1rselos y atiendan con intensidad su decir de tiempos pasados.<\/p>\n\n\n\n<p>Solo bajo este esquema de existencia, en que se reconoce su paso vertiginoso, es posible que la asunci\u00f3n a un poder como una gubernatura o la presidencia de la Rep\u00fablica, puede autorregularse, evitar a toda costa que enerve el pensamiento y la raz\u00f3n.<\/p>\n\n\n\n<p>La entrevista que publicamos ayer con el gobernador, Julio Menchaca Salazar, toc\u00f3 ese aspecto que, al menos en lo personal, creo que nos brinda la posibilidad de observar a un pol\u00edtico que tiene en sus manos un elemento fundamental para evitar los mareos del poder: sabe, reflexiona en torno a la finitud de la vida.<\/p>\n\n\n\n<p>Saber que esta peque\u00f1a historia que construimos d\u00eda a d\u00eda, llegar\u00e1 el momento en que cierre su \u00faltimo cap\u00edtulo, nos permite, si as\u00ed lo permitimos de buena voluntad, disfrutarla d\u00eda a d\u00eda, y por disfrutar enti\u00e9ndase hacer todo lo posible para ser una buena persona con las dem\u00e1s, con nuestros semejantes; tener la capacidad de la compasi\u00f3n que es la empat\u00eda en su m\u00e1xima expresi\u00f3n con otros.<\/p>\n\n\n\n<p>Sin ser pesimistas por supuesto, y por el contrario simplemente buscarle el gusto a la vida, a la existencia a trav\u00e9s de las 24 horas que dura un d\u00eda, a trav\u00e9s de su propia fragilidad que de este modo otorga una fortaleza \u00fanica al instante en que nos reconocemos en quienes nos acompa\u00f1an en este justo instante de la existencia humana.<\/p>\n\n\n\n<p>A m\u00ed, insisto, me da buena espina un gobernante que reconoce en la fragilidad de la existencia, la posibilidad, el arma justa para nunca amarrarse con obsesi\u00f3n enfermiza al poder, y por el contrario, mantener la certeza de que nutrir los a\u00f1os con los instantes de las acciones buenas, construye al final del d\u00eda, el justo entendimiento del para qu\u00e9 y por qu\u00e9 es un poder, a\u00fan m\u00e1s ef\u00edmero y fr\u00e1gil que la existencia.<\/p>\n\n\n\n<p>Mil gracias, hasta ma\u00f1ana.<\/p>\n\n\n\n<p><a href=\"mailto:jeperalta@plazajuarez.mx\/historico\/historico\">jeperalta@plazajuarez.mx\/historico\/historico<\/a><\/p>\n\n\n\n<p>@JavierEPeralta<\/p>\n","protected":false},"excerpt":{"rendered":"<p>RETRATOS HABLADOS Hay un elemento que con mucha frecuencia olvidan los hombres y mujeres de poder pol\u00edtico y\/o econ\u00f3mico: la fragilidad de la vida, la absoluta facilidad con la que se pierde y podemos comprobar que nadie, absolutamente nadie, la tiene asegurada por el tiempo que desea. Se extingue cuando debe extinguirse y por supuesto [&hellip;]<\/p>\n","protected":false},"author":10,"featured_media":241756,"comment_status":"closed","ping_status":"closed","sticky":false,"template":"","format":"standard","meta":{"footnotes":""},"categories":[49,42],"tags":[],"class_list":["post-258131","post","type-post","status-publish","format-standard","has-post-thumbnail","hentry","category-javier-peralta","category-nuestrapalabra"],"_links":{"self":[{"href":"https:\/\/plazajuarez.mx\/historico\/wp-json\/wp\/v2\/posts\/258131","targetHints":{"allow":["GET"]}}],"collection":[{"href":"https:\/\/plazajuarez.mx\/historico\/wp-json\/wp\/v2\/posts"}],"about":[{"href":"https:\/\/plazajuarez.mx\/historico\/wp-json\/wp\/v2\/types\/post"}],"author":[{"embeddable":true,"href":"https:\/\/plazajuarez.mx\/historico\/wp-json\/wp\/v2\/users\/10"}],"replies":[{"embeddable":true,"href":"https:\/\/plazajuarez.mx\/historico\/wp-json\/wp\/v2\/comments?post=258131"}],"version-history":[{"count":0,"href":"https:\/\/plazajuarez.mx\/historico\/wp-json\/wp\/v2\/posts\/258131\/revisions"}],"wp:featuredmedia":[{"embeddable":true,"href":"https:\/\/plazajuarez.mx\/historico\/wp-json\/wp\/v2\/media\/241756"}],"wp:attachment":[{"href":"https:\/\/plazajuarez.mx\/historico\/wp-json\/wp\/v2\/media?parent=258131"}],"wp:term":[{"taxonomy":"category","embeddable":true,"href":"https:\/\/plazajuarez.mx\/historico\/wp-json\/wp\/v2\/categories?post=258131"},{"taxonomy":"post_tag","embeddable":true,"href":"https:\/\/plazajuarez.mx\/historico\/wp-json\/wp\/v2\/tags?post=258131"}],"curies":[{"name":"wp","href":"https:\/\/api.w.org\/{rel}","templated":true}]}}