{"id":2581,"date":"2015-03-21T06:00:00","date_gmt":"2015-03-21T06:00:00","guid":{"rendered":"http:\/\/plazajuarez.mx\/index\/index.php\/2015\/03\/21\/lo-arrestan-por-allanamiento-de-morada\/"},"modified":"2015-03-21T06:00:00","modified_gmt":"2015-03-21T06:00:00","slug":"lo-arrestan-por-allanamiento-de-morada","status":"publish","type":"post","link":"https:\/\/plazajuarez.mx\/historico\/lo-arrestan-por-allanamiento-de-morada\/","title":{"rendered":"LO ARRESTAN POR ALLANAMIENTO DE MORADA"},"content":{"rendered":"<p><span style=\"font-family: verdana,geneva; font-size: 10pt;\">Un sujeto fue detenido por elementos de la Secretar\u00eda de Seguridad P\u00fablica de Hidalgo (SSPH) luego de ser encontrado al interior de un domicilio de la localidad de El Pinalito en Jacala de Ledezma.<\/span><\/p>\n<p>  <!--more-->  <\/p>\n<p><span style=\"font-family: verdana,geneva; font-size: 10pt;\">De acuerdo con la informaci\u00f3n de la polic\u00eda, un vecino solicit\u00f3 el apoyo de las autoridades cuando al regresar a su casa se percat\u00f3 de la presencia del hombre al interior de su vivienda. Cuando los uniformados realizaron la diligencia, confirmaron la presencia de un var\u00f3n que justific\u00f3 su estancia por la descompostura de su camioneta misma que fue decomisada y detenida la persona por presunto allanamiento.<\/span><\/p>\n<p><span style=\"font-family: verdana,geneva; font-size: 10pt;\">\u00a0<\/span><\/p>\n<p><span style=\"font-family: verdana,geneva; font-size: 10pt;\">\u00a0<\/span><\/p>\n","protected":false},"excerpt":{"rendered":"<p>Un sujeto fue detenido por elementos de la Secretar\u00eda de Seguridad P\u00fablica de Hidalgo (SSPH) luego de ser encontrado al interior de un domicilio de la localidad de El Pinalito en Jacala de Ledezma.<\/p>\n","protected":false},"author":93,"featured_media":0,"comment_status":"open","ping_status":"open","sticky":false,"template":"","format":"standard","meta":{"footnotes":""},"categories":[37],"tags":[],"class_list":["post-2581","post","type-post","status-publish","format-standard","hentry","category-barandilla"],"_links":{"self":[{"href":"https:\/\/plazajuarez.mx\/historico\/wp-json\/wp\/v2\/posts\/2581","targetHints":{"allow":["GET"]}}],"collection":[{"href":"https:\/\/plazajuarez.mx\/historico\/wp-json\/wp\/v2\/posts"}],"about":[{"href":"https:\/\/plazajuarez.mx\/historico\/wp-json\/wp\/v2\/types\/post"}],"author":[{"embeddable":true,"href":"https:\/\/plazajuarez.mx\/historico\/wp-json\/wp\/v2\/users\/93"}],"replies":[{"embeddable":true,"href":"https:\/\/plazajuarez.mx\/historico\/wp-json\/wp\/v2\/comments?post=2581"}],"version-history":[{"count":0,"href":"https:\/\/plazajuarez.mx\/historico\/wp-json\/wp\/v2\/posts\/2581\/revisions"}],"wp:attachment":[{"href":"https:\/\/plazajuarez.mx\/historico\/wp-json\/wp\/v2\/media?parent=2581"}],"wp:term":[{"taxonomy":"category","embeddable":true,"href":"https:\/\/plazajuarez.mx\/historico\/wp-json\/wp\/v2\/categories?post=2581"},{"taxonomy":"post_tag","embeddable":true,"href":"https:\/\/plazajuarez.mx\/historico\/wp-json\/wp\/v2\/tags?post=2581"}],"curies":[{"name":"wp","href":"https:\/\/api.w.org\/{rel}","templated":true}]}}