{"id":257551,"date":"2023-04-13T22:53:41","date_gmt":"2023-04-14T04:53:41","guid":{"rendered":"https:\/\/plazajuarez.mx\/?p=257551"},"modified":"2023-04-13T22:54:36","modified_gmt":"2023-04-14T04:54:36","slug":"destaca-joven-huejutlense-en-ciclismo","status":"publish","type":"post","link":"https:\/\/plazajuarez.mx\/historico\/destaca-joven-huejutlense-en-ciclismo\/","title":{"rendered":"Destaca joven huejutlense en ciclismo"},"content":{"rendered":"\n<p><strong>HUEJUTLA<\/strong>.- En el Balc\u00f3n del Usumacinta, en la ciudad de Tabasco, el joven huejutlense Farid Hern\u00e1ndez realiz\u00f3 una excelente participaci\u00f3n en la Primera Jornada del Macro Regional de Ciclismo.\u00a0<\/p>\n\n\n\n<p>En el cual, obtuvo el segundo lugar de la competencia en la categor\u00eda MTB XCO, con el cual, obtuvo su pase a la final que se realizar\u00e1 en Aguascalientes el pr\u00f3ximo mes de mayo.<\/p>\n\n\n\n<p>Ante este logro, las autoridades municipales de Huejutla felicitaron al equipo de entrenadores y en especial a los padres del joven, Adri\u00e1n Hern\u00e1ndez y Roc\u00edo Vargas Lara, por el impulso que dan a su hijo.<\/p>\n","protected":false},"excerpt":{"rendered":"<p>HUEJUTLA.- En el Balc\u00f3n del Usumacinta, en la ciudad de Tabasco, el joven huejutlense Farid Hern\u00e1ndez realiz\u00f3 una excelente participaci\u00f3n en la Primera Jornada del Macro Regional de Ciclismo.\u00a0 En el cual, obtuvo el segundo lugar de la competencia en la categor\u00eda MTB XCO, con el cual, obtuvo su pase a la final que se [&hellip;]<\/p>\n","protected":false},"author":76,"featured_media":257552,"comment_status":"closed","ping_status":"closed","sticky":false,"template":"","format":"standard","meta":{"footnotes":""},"categories":[40],"tags":[],"class_list":["post-257551","post","type-post","status-publish","format-standard","has-post-thumbnail","hentry","category-region"],"_links":{"self":[{"href":"https:\/\/plazajuarez.mx\/historico\/wp-json\/wp\/v2\/posts\/257551","targetHints":{"allow":["GET"]}}],"collection":[{"href":"https:\/\/plazajuarez.mx\/historico\/wp-json\/wp\/v2\/posts"}],"about":[{"href":"https:\/\/plazajuarez.mx\/historico\/wp-json\/wp\/v2\/types\/post"}],"author":[{"embeddable":true,"href":"https:\/\/plazajuarez.mx\/historico\/wp-json\/wp\/v2\/users\/76"}],"replies":[{"embeddable":true,"href":"https:\/\/plazajuarez.mx\/historico\/wp-json\/wp\/v2\/comments?post=257551"}],"version-history":[{"count":0,"href":"https:\/\/plazajuarez.mx\/historico\/wp-json\/wp\/v2\/posts\/257551\/revisions"}],"wp:featuredmedia":[{"embeddable":true,"href":"https:\/\/plazajuarez.mx\/historico\/wp-json\/wp\/v2\/media\/257552"}],"wp:attachment":[{"href":"https:\/\/plazajuarez.mx\/historico\/wp-json\/wp\/v2\/media?parent=257551"}],"wp:term":[{"taxonomy":"category","embeddable":true,"href":"https:\/\/plazajuarez.mx\/historico\/wp-json\/wp\/v2\/categories?post=257551"},{"taxonomy":"post_tag","embeddable":true,"href":"https:\/\/plazajuarez.mx\/historico\/wp-json\/wp\/v2\/tags?post=257551"}],"curies":[{"name":"wp","href":"https:\/\/api.w.org\/{rel}","templated":true}]}}