{"id":257547,"date":"2023-04-13T22:50:40","date_gmt":"2023-04-14T04:50:40","guid":{"rendered":"https:\/\/plazajuarez.mx\/?p=257547"},"modified":"2023-04-13T22:50:42","modified_gmt":"2023-04-14T04:50:42","slug":"derechos-humanos-capacita-a-policias-en-la-huasteca","status":"publish","type":"post","link":"https:\/\/plazajuarez.mx\/historico\/derechos-humanos-capacita-a-policias-en-la-huasteca\/","title":{"rendered":"Derechos humanos capacita a polic\u00edas en la huasteca"},"content":{"rendered":"\n<p><strong>HUEJUTLA<\/strong>.- Este mi\u00e9rcoles Personal de la Comisi\u00f3n de Derechos Humanos del Estado de Hidalgo (CDHEH), imparti\u00f3 la capacitaci\u00f3n &#8220;Marco Legal del Polic\u00eda Primer Respondiente acorde al Protocolo Nacional de Actuaci\u00f3n del Primer Respondiente con apego al Respeto a los Derechos Humanos&#8221;, la cual fue dirigida a polic\u00edas municipales y estatales de la regi\u00f3n.<\/p>\n\n\n\n<p>El acto protocolario lo presidi\u00f3 Ana Karen Parra Bonilla, presidenta de la CDHEH, quien estuvo acompa\u00f1ada de diversos funcionarios y personalidades, as\u00ed como tambi\u00e9n de Leonilo Rodr\u00edguez Hern\u00e1ndez, titular de la Direcci\u00f3n de Seguridad P\u00fablica Municipal en Huejutla.<\/p>\n\n\n\n<p>La capacitaci\u00f3n se llev\u00f3 a cabo en la sala audiovisual del Tecnol\u00f3gico Nacional de M\u00e9xico Campus Huejutla y tiene por objetivo que los polic\u00edas conozcan la forma correcta de proceder en \u00e1reas relacionados a su encomienda como la elaboraci\u00f3n y redacci\u00f3n correcta de informes, el resguardo de una zona del crimen, la coordinaci\u00f3n que deben tener, entre otros temas de inter\u00e9s.<\/p>\n","protected":false},"excerpt":{"rendered":"<p>HUEJUTLA.- Este mi\u00e9rcoles Personal de la Comisi\u00f3n de Derechos Humanos del Estado de Hidalgo (CDHEH), imparti\u00f3 la capacitaci\u00f3n &#8220;Marco Legal del Polic\u00eda Primer Respondiente acorde al Protocolo Nacional de Actuaci\u00f3n del Primer Respondiente con apego al Respeto a los Derechos Humanos&#8221;, la cual fue dirigida a polic\u00edas municipales y estatales de la regi\u00f3n. El acto [&hellip;]<\/p>\n","protected":false},"author":76,"featured_media":257548,"comment_status":"closed","ping_status":"closed","sticky":false,"template":"","format":"standard","meta":{"footnotes":""},"categories":[40],"tags":[],"class_list":["post-257547","post","type-post","status-publish","format-standard","has-post-thumbnail","hentry","category-region"],"_links":{"self":[{"href":"https:\/\/plazajuarez.mx\/historico\/wp-json\/wp\/v2\/posts\/257547","targetHints":{"allow":["GET"]}}],"collection":[{"href":"https:\/\/plazajuarez.mx\/historico\/wp-json\/wp\/v2\/posts"}],"about":[{"href":"https:\/\/plazajuarez.mx\/historico\/wp-json\/wp\/v2\/types\/post"}],"author":[{"embeddable":true,"href":"https:\/\/plazajuarez.mx\/historico\/wp-json\/wp\/v2\/users\/76"}],"replies":[{"embeddable":true,"href":"https:\/\/plazajuarez.mx\/historico\/wp-json\/wp\/v2\/comments?post=257547"}],"version-history":[{"count":0,"href":"https:\/\/plazajuarez.mx\/historico\/wp-json\/wp\/v2\/posts\/257547\/revisions"}],"wp:featuredmedia":[{"embeddable":true,"href":"https:\/\/plazajuarez.mx\/historico\/wp-json\/wp\/v2\/media\/257548"}],"wp:attachment":[{"href":"https:\/\/plazajuarez.mx\/historico\/wp-json\/wp\/v2\/media?parent=257547"}],"wp:term":[{"taxonomy":"category","embeddable":true,"href":"https:\/\/plazajuarez.mx\/historico\/wp-json\/wp\/v2\/categories?post=257547"},{"taxonomy":"post_tag","embeddable":true,"href":"https:\/\/plazajuarez.mx\/historico\/wp-json\/wp\/v2\/tags?post=257547"}],"curies":[{"name":"wp","href":"https:\/\/api.w.org\/{rel}","templated":true}]}}