{"id":2575,"date":"2015-03-21T06:00:00","date_gmt":"2015-03-21T06:00:00","guid":{"rendered":"http:\/\/plazajuarez.mx\/index\/index.php\/2015\/03\/21\/pemex-confirma-que-incendio-en-ducto-fue-causado-por-ordena\/"},"modified":"2015-03-21T06:00:00","modified_gmt":"2015-03-21T06:00:00","slug":"pemex-confirma-que-incendio-en-ducto-fue-causado-por-ordena","status":"publish","type":"post","link":"https:\/\/plazajuarez.mx\/historico\/pemex-confirma-que-incendio-en-ducto-fue-causado-por-ordena\/","title":{"rendered":"Pemex confirma que incendio en ducto fue causado por \u201corde\u00f1a\u201d"},"content":{"rendered":"<p><span style=\"font-family: verdana,geneva; font-size: 10pt;\">Petr\u00f3leos Mexicanos (Pemex) inform\u00f3 que el derrame e incendio en el oleoducto Poza Rica-Salamanca, que motiv\u00f3 el cierre de dos v\u00edas la ma\u00f1ana de ayer, fue ocasionado por una toma clandestina.<\/span><\/p>\n<p>  <!--more-->  <\/p>\n<p>\u00a0<\/p>\n<p><span style=\"font-family: verdana,geneva; font-size: 10pt;\">Se\u00f1al\u00f3 que para combatir el robo de combustible es muy importante la denuncia, por lo que llam\u00f3 a la ciudadan\u00eda a reportar los hechos de manera an\u00f3nima al 01800 228 9660.<\/span><\/p>\n<p><span style=\"font-family: verdana,geneva; font-size: 10pt;\">&#8220;Se comprob\u00f3 que el derrame e incendio en el oleoducto Poza Rica-Salamanca en Huachinango, Puebla, fue ocasionado por toma clandestina&#8221;, public\u00f3 en su cuenta de Twitter.<\/span><\/p>\n<p><span style=\"font-family: verdana,geneva; font-size: 10pt;\">Ayer, personal t\u00e9cnico y de seguridad de Pemex, bomberos, miembros de protecci\u00f3n civil y elementos de la Polic\u00eda Federal acudieron al lugar para controlar el derrame y sofocar el incendio.<\/span><\/p>\n<p><span style=\"font-family: verdana,geneva; font-size: 10pt;\">La Polic\u00eda Federal inform\u00f3 que fue completamente sofocado el fuego.<\/span><\/p>\n<p><span style=\"font-family: verdana,geneva; font-size: 10pt;\">Por el incidente fue cerrada la carretera federal a la altura del kil\u00f3metro 94 cerca de la comunidad Venta Chica, as\u00ed como la entrada de la autopista M\u00e9xico-Tuxpan.<\/span><\/p>\n","protected":false},"excerpt":{"rendered":"<p>Petr\u00f3leos Mexicanos (Pemex) inform\u00f3 que el derrame e incendio en el oleoducto Poza Rica-Salamanca, que motiv\u00f3 el cierre de dos v\u00edas la ma\u00f1ana de ayer, fue ocasionado por una toma clandestina.<\/p>\n","protected":false},"author":93,"featured_media":0,"comment_status":"open","ping_status":"open","sticky":false,"template":"","format":"standard","meta":{"footnotes":""},"categories":[37],"tags":[],"class_list":["post-2575","post","type-post","status-publish","format-standard","hentry","category-barandilla"],"_links":{"self":[{"href":"https:\/\/plazajuarez.mx\/historico\/wp-json\/wp\/v2\/posts\/2575","targetHints":{"allow":["GET"]}}],"collection":[{"href":"https:\/\/plazajuarez.mx\/historico\/wp-json\/wp\/v2\/posts"}],"about":[{"href":"https:\/\/plazajuarez.mx\/historico\/wp-json\/wp\/v2\/types\/post"}],"author":[{"embeddable":true,"href":"https:\/\/plazajuarez.mx\/historico\/wp-json\/wp\/v2\/users\/93"}],"replies":[{"embeddable":true,"href":"https:\/\/plazajuarez.mx\/historico\/wp-json\/wp\/v2\/comments?post=2575"}],"version-history":[{"count":0,"href":"https:\/\/plazajuarez.mx\/historico\/wp-json\/wp\/v2\/posts\/2575\/revisions"}],"wp:attachment":[{"href":"https:\/\/plazajuarez.mx\/historico\/wp-json\/wp\/v2\/media?parent=2575"}],"wp:term":[{"taxonomy":"category","embeddable":true,"href":"https:\/\/plazajuarez.mx\/historico\/wp-json\/wp\/v2\/categories?post=2575"},{"taxonomy":"post_tag","embeddable":true,"href":"https:\/\/plazajuarez.mx\/historico\/wp-json\/wp\/v2\/tags?post=2575"}],"curies":[{"name":"wp","href":"https:\/\/api.w.org\/{rel}","templated":true}]}}