{"id":2574,"date":"2015-03-21T06:00:00","date_gmt":"2015-03-21T06:00:00","guid":{"rendered":"http:\/\/plazajuarez.mx\/index\/index.php\/2015\/03\/21\/aseguran-a-23-migrantes-salvadorenos\/"},"modified":"2015-03-21T06:00:00","modified_gmt":"2015-03-21T06:00:00","slug":"aseguran-a-23-migrantes-salvadorenos","status":"publish","type":"post","link":"https:\/\/plazajuarez.mx\/historico\/aseguran-a-23-migrantes-salvadorenos\/","title":{"rendered":"Aseguran a 23 migrantes salvadore\u00f1os"},"content":{"rendered":"<p><strong><span style=\"font-family: verdana,geneva; font-size: 10pt;\">Elementos de la Polic\u00eda Federal localizaron la madrugada del viernes a 23 migrantes salvadore\u00f1os, entre ellos nueve menores de edad, que viajaban hacinados en una vagoneta Ford tipo Expedition, en las cercan\u00edas de la frontera entre M\u00e9xico y Guatemala.<\/span><\/strong><\/p>\n<p>  <!--more-->  <\/p>\n<p>\u00a0<\/p>\n<p><span style=\"font-family: verdana,geneva; font-size: 10pt;\">Fuentes polic\u00edacas informaron que a las 03:45 horas una patrulla de la corporaci\u00f3n se percat\u00f3 que una camioneta Ford roja, sin placas de circulaci\u00f3n, era tripulada a alta velocidad sobre la carretera federal 211, a la altura del ejido El Jocote, en kil\u00f3metro 001, de la v\u00eda Huixtla-Motozintla.<\/span><\/p>\n<p><span style=\"font-family: verdana,geneva; font-size: 10pt;\">Tras marcarle el alto al conductor, los agentes encontraron a 23 migrantes, nueve de ellos menores de edad, que viajaban hacinados en el veh\u00edculo.<\/span><\/p>\n<p><span style=\"font-family: verdana,geneva; font-size: 10pt;\">El presunto traficante de personas, de 40 a\u00f1os de edad, fue identificado como Isa\u00edn &#8220;N&#8221;, por lo que fue detenido y trasladado a la comandancia de la corporaci\u00f3n.<\/span><\/p>\n<p><span style=\"font-family: verdana,geneva; font-size: 10pt;\">Los 23 extranjeros fueron enviados al Instituto Nacional de Migraci\u00f3n (INM), para que se encargue de su deportaci\u00f3n a su pa\u00eds.<\/span><\/p>\n<p><span style=\"font-family: verdana,geneva; font-size: 10pt;\">El presunto traficante fue puesto a disposici\u00f3n de la Procuradur\u00eda General de la Rep\u00fablica (PGR).<\/span><\/p>\n","protected":false},"excerpt":{"rendered":"<p>Elementos de la Polic\u00eda Federal localizaron la madrugada del viernes a 23 migrantes salvadore\u00f1os, entre ellos nueve menores de edad, que viajaban hacinados en una vagoneta Ford tipo Expedition, en las cercan\u00edas de la frontera entre M\u00e9xico y Guatemala.<\/p>\n","protected":false},"author":93,"featured_media":0,"comment_status":"open","ping_status":"open","sticky":false,"template":"","format":"standard","meta":{"footnotes":""},"categories":[37],"tags":[],"class_list":["post-2574","post","type-post","status-publish","format-standard","hentry","category-barandilla"],"_links":{"self":[{"href":"https:\/\/plazajuarez.mx\/historico\/wp-json\/wp\/v2\/posts\/2574","targetHints":{"allow":["GET"]}}],"collection":[{"href":"https:\/\/plazajuarez.mx\/historico\/wp-json\/wp\/v2\/posts"}],"about":[{"href":"https:\/\/plazajuarez.mx\/historico\/wp-json\/wp\/v2\/types\/post"}],"author":[{"embeddable":true,"href":"https:\/\/plazajuarez.mx\/historico\/wp-json\/wp\/v2\/users\/93"}],"replies":[{"embeddable":true,"href":"https:\/\/plazajuarez.mx\/historico\/wp-json\/wp\/v2\/comments?post=2574"}],"version-history":[{"count":0,"href":"https:\/\/plazajuarez.mx\/historico\/wp-json\/wp\/v2\/posts\/2574\/revisions"}],"wp:attachment":[{"href":"https:\/\/plazajuarez.mx\/historico\/wp-json\/wp\/v2\/media?parent=2574"}],"wp:term":[{"taxonomy":"category","embeddable":true,"href":"https:\/\/plazajuarez.mx\/historico\/wp-json\/wp\/v2\/categories?post=2574"},{"taxonomy":"post_tag","embeddable":true,"href":"https:\/\/plazajuarez.mx\/historico\/wp-json\/wp\/v2\/tags?post=2574"}],"curies":[{"name":"wp","href":"https:\/\/api.w.org\/{rel}","templated":true}]}}