{"id":2573,"date":"2015-03-21T06:00:00","date_gmt":"2015-03-21T06:00:00","guid":{"rendered":"http:\/\/plazajuarez.mx\/index\/index.php\/2015\/03\/21\/tiroteo-deja-10-muertos-entre-ellos-2-civiles\/"},"modified":"2015-03-21T06:00:00","modified_gmt":"2015-03-21T06:00:00","slug":"tiroteo-deja-10-muertos-entre-ellos-2-civiles","status":"publish","type":"post","link":"https:\/\/plazajuarez.mx\/historico\/tiroteo-deja-10-muertos-entre-ellos-2-civiles\/","title":{"rendered":"Tiroteo deja 10 muertos, entre ellos 2 civiles"},"content":{"rendered":"<p><strong><span style=\"font-family: verdana,geneva; font-size: 10pt;\">Elementos de la Divisi\u00f3n de Gendarmer\u00eda de la Polic\u00eda Federal fueron emboscados cuando realizaban labores de vigilancia, con saldo de cinco gendarmes muertos, as\u00ed como tres agresores y dos civiles ajenos al percance.<\/span><\/strong><\/p>\n<p>  <!--more-->  <\/p>\n<p>\u00a0<\/p>\n<p><span style=\"font-family: verdana,geneva; font-size: 10pt;\">El pasado jueves por la noche, los gendarmes realizaban los patrullajes en la colonia La Mascota, el municipio de Ocotl\u00e1n, Jalisco; al emparejarse a un veh\u00edculo blanco que estaba estacionado, una de las unidades fue agredida con armas de grueso calibre, de acuerdo con la versi\u00f3n oficial.<\/span><\/p>\n<p><span style=\"font-family: verdana,geneva; font-size: 10pt;\">Los elementos buscaron resguardo junto a sus patrullas y repelieron la agresi\u00f3n, con apoyo del resto de los efectivos federales.<\/span><\/p>\n<p><span style=\"font-family: verdana,geneva; font-size: 10pt;\">En cuesti\u00f3n de minutos, al lugar llegaron m\u00e1s hombres armados &#8220;a bordo de cuando menos una decena de veh\u00edculos, quienes tambi\u00e9n accionaron armas de alto calibre, desde distintas direcciones, en contra de los elementos federales&#8221;.<\/span><\/p>\n<p><span style=\"font-family: verdana,geneva; font-size: 10pt;\">En el comunicado, la Polic\u00eda Federal indic\u00f3 que &#8220;luego del intercambio de disparos, algunos de los agresores huyeron del lugar mientras continuaban accionando sus armas de fuego, por lo que se tiene registro de impactos de bala en veh\u00edculos ubicados en varias calles a la redonda&#8221;.<\/span><\/p>\n<p><span style=\"font-family: verdana,geneva; font-size: 10pt;\">Hasta la ma\u00f1ana de ayer, el saldo reportado fue de cinco elementos de la Gendarmer\u00eda y de tres civiles muertos. La PF precis\u00f3 que esos tres civiles &#8220;portaban fornituras con cartuchos y equipo t\u00e1ctico, los cuales se presume forman parte de la delincuencia organizada&#8221;.<\/span><\/p>\n<p><span style=\"font-family: verdana,geneva; font-size: 10pt;\">Durante el enfrentamiento, tambi\u00e9n murieron otros dos civiles &#8220;quienes al parecer eran ajenos al evento y cuyos cuerpos fueron ubicados en la misma direcci\u00f3n de fuego en que fueron agredidos los Polic\u00edas Federales&#8221;.<\/span><\/p>\n<p><span style=\"font-family: verdana,geneva; font-size: 10pt;\">Otros ocho gendarmes tambi\u00e9n resultaron lesionados, uno de ellos fue reportado con heridas de gravedad.<\/span><\/p>\n<p><span style=\"font-family: verdana,geneva; font-size: 10pt;\">\u00a0<\/span><\/p>\n","protected":false},"excerpt":{"rendered":"<p>Elementos de la Divisi\u00f3n de Gendarmer\u00eda de la Polic\u00eda Federal fueron emboscados cuando realizaban labores de vigilancia, con saldo de cinco gendarmes muertos, as\u00ed como tres agresores y dos civiles ajenos al percance.<\/p>\n","protected":false},"author":93,"featured_media":0,"comment_status":"open","ping_status":"open","sticky":false,"template":"","format":"standard","meta":{"footnotes":""},"categories":[37],"tags":[],"class_list":["post-2573","post","type-post","status-publish","format-standard","hentry","category-barandilla"],"_links":{"self":[{"href":"https:\/\/plazajuarez.mx\/historico\/wp-json\/wp\/v2\/posts\/2573","targetHints":{"allow":["GET"]}}],"collection":[{"href":"https:\/\/plazajuarez.mx\/historico\/wp-json\/wp\/v2\/posts"}],"about":[{"href":"https:\/\/plazajuarez.mx\/historico\/wp-json\/wp\/v2\/types\/post"}],"author":[{"embeddable":true,"href":"https:\/\/plazajuarez.mx\/historico\/wp-json\/wp\/v2\/users\/93"}],"replies":[{"embeddable":true,"href":"https:\/\/plazajuarez.mx\/historico\/wp-json\/wp\/v2\/comments?post=2573"}],"version-history":[{"count":0,"href":"https:\/\/plazajuarez.mx\/historico\/wp-json\/wp\/v2\/posts\/2573\/revisions"}],"wp:attachment":[{"href":"https:\/\/plazajuarez.mx\/historico\/wp-json\/wp\/v2\/media?parent=2573"}],"wp:term":[{"taxonomy":"category","embeddable":true,"href":"https:\/\/plazajuarez.mx\/historico\/wp-json\/wp\/v2\/categories?post=2573"},{"taxonomy":"post_tag","embeddable":true,"href":"https:\/\/plazajuarez.mx\/historico\/wp-json\/wp\/v2\/tags?post=2573"}],"curies":[{"name":"wp","href":"https:\/\/api.w.org\/{rel}","templated":true}]}}