{"id":25706,"date":"2016-07-28T17:38:49","date_gmt":"2016-07-28T17:38:49","guid":{"rendered":"http:\/\/plazajuarez.mx\/index\/index.php\/2016\/07\/28\/urge-al-gobierno-a-lograr-un-acuerdo-sobre-la-reforma-educativa-lopez-obrador\/"},"modified":"2016-07-28T17:38:49","modified_gmt":"2016-07-28T17:38:49","slug":"urge-al-gobierno-a-lograr-un-acuerdo-sobre-la-reforma-educativa-lopez-obrador","status":"publish","type":"post","link":"https:\/\/plazajuarez.mx\/historico\/urge-al-gobierno-a-lograr-un-acuerdo-sobre-la-reforma-educativa-lopez-obrador\/","title":{"rendered":"Urge al gobierno a lograr un acuerdo sobre la reforma educativa: Lopez Obrador"},"content":{"rendered":"<p style=\"text-align: justify;\">Andr\u00e9s Manuel L\u00f3pez Obrador urgi\u00f3 al gobierno a resolver el conflicto con el magisterio disidente, que se libere a los dirigentes de la Coordinadora Nacional de Trabajadores de la Educaci\u00f3n (CNTE) encarcelados y que haya un acuerdo para revisar la reforma educativa en el Congreso de la Uni\u00f3n.<\/p>\n<p>  <!--more-->  <\/p>\n<p style=\"text-align: justify;\">&#8220;Quiero hacer un llamado a los del gobierno, a las autoridades para que resuelvan el conflicto magisterial. Que se resuelva ya el problema, no dilatarlo m\u00e1s, porque eso no beneficia a nadie&#8221;,expres\u00f3 a trav\u00e9s de un video publicado en sus redes sociales.<br \/> De gira por Chiapas, en una gira para fortalecer al Movimiento de Regeneraci\u00f3n Nacional (Morena), el tabasque\u00f1o cuestion\u00f3 al gobierno federal sobre por qu\u00e9 no han liberado a los dirigentes del magisterio y por qu\u00e9, despu\u00e9s de mes y medio, la Procuradur\u00eda General de la Rep\u00fablica (PGR) no resuelve el caso de los asesinatos en Nochixtl\u00e1n, Oaxaca.<\/p>\n<p> Expuso que la reforma educativa tiene que ser revisada porque, a su parecer, no funciona.<\/p>\n<p> &#8220;Ya mandar el asunto legal de la mal llamada reforma educativa al congreso para que se revise, que no haya evaluaciones punitivas para someter al magisterio, que sean evaluaciones pedag\u00f3gicas. Ya un arreglo, un acuerdo, no puede haber una verdadera forma educativa sin la participaci\u00f3n conjunta de los maestros, de los padres de familia y de \u00f1as autoridades&#8221;, se\u00f1al\u00f3.<\/p>\n<p> L\u00f3pez Obrador aclar\u00f3 que en Chiapas siguen las protestas de los maestros porque al 80% (60 mil profesores) no les pagan desde el 15 de mayo pasado y las movilizaciones han afectado a terceros.<\/p>\n","protected":false},"excerpt":{"rendered":"<p>Andr\u00e9s Manuel L\u00f3pez Obrador urgi\u00f3 al gobierno a resolver el conflicto con el magisterio disidente, que se libere a los dirigentes de la Coordinadora Nacional de Trabajadores de la Educaci\u00f3n (CNTE) encarcelados y que haya un acuerdo para revisar la reforma educativa en el Congreso de la Uni\u00f3n.<\/p>\n","protected":false},"author":6,"featured_media":0,"comment_status":"open","ping_status":"open","sticky":false,"template":"","format":"standard","meta":{"footnotes":""},"categories":[36],"tags":[],"class_list":["post-25706","post","type-post","status-publish","format-standard","hentry","category-nacion"],"_links":{"self":[{"href":"https:\/\/plazajuarez.mx\/historico\/wp-json\/wp\/v2\/posts\/25706","targetHints":{"allow":["GET"]}}],"collection":[{"href":"https:\/\/plazajuarez.mx\/historico\/wp-json\/wp\/v2\/posts"}],"about":[{"href":"https:\/\/plazajuarez.mx\/historico\/wp-json\/wp\/v2\/types\/post"}],"author":[{"embeddable":true,"href":"https:\/\/plazajuarez.mx\/historico\/wp-json\/wp\/v2\/users\/6"}],"replies":[{"embeddable":true,"href":"https:\/\/plazajuarez.mx\/historico\/wp-json\/wp\/v2\/comments?post=25706"}],"version-history":[{"count":0,"href":"https:\/\/plazajuarez.mx\/historico\/wp-json\/wp\/v2\/posts\/25706\/revisions"}],"wp:attachment":[{"href":"https:\/\/plazajuarez.mx\/historico\/wp-json\/wp\/v2\/media?parent=25706"}],"wp:term":[{"taxonomy":"category","embeddable":true,"href":"https:\/\/plazajuarez.mx\/historico\/wp-json\/wp\/v2\/categories?post=25706"},{"taxonomy":"post_tag","embeddable":true,"href":"https:\/\/plazajuarez.mx\/historico\/wp-json\/wp\/v2\/tags?post=25706"}],"curies":[{"name":"wp","href":"https:\/\/api.w.org\/{rel}","templated":true}]}}