{"id":25705,"date":"2016-07-28T17:40:54","date_gmt":"2016-07-28T17:40:54","guid":{"rendered":"http:\/\/plazajuarez.mx\/index\/index.php\/2016\/07\/28\/se-entrego-acreditacion-al-hospital-medica-tulancingo\/"},"modified":"2016-07-28T17:40:54","modified_gmt":"2016-07-28T17:40:54","slug":"se-entrego-acreditacion-al-hospital-medica-tulancingo","status":"publish","type":"post","link":"https:\/\/plazajuarez.mx\/historico\/se-entrego-acreditacion-al-hospital-medica-tulancingo\/","title":{"rendered":"Se entreg\u00f3 acreditaci\u00f3n al Hospital \u201cM\u00e9dica Tulancingo\u201d"},"content":{"rendered":"<p class=\"MsoNormal\" style=\"text-align: justify;\">Se entreg\u00f3 el dictamen de acreditaci\u00f3n en capacidad, calidad y seguridad para la atenci\u00f3n, al Hospital \u201cM\u00e9dica Tulancingo\u201d, a manos del Subsecretario de Prestaci\u00f3n de Servicios de la Secretar\u00eda de Salud en Hidalgo (SSH), Jos\u00e9 Antonio Copca Garc\u00eda, lo anterior permitir\u00e1 a la instituci\u00f3n ser el primer hospital privado en la entidad en alcanzar dicho reconocimiento.<\/p>\n<p>  <!--more-->  <\/p>\n<p class=\"MsoNormal\" style=\"text-align: justify;\">La acreditaci\u00f3n es un mecanismo de aseguramiento de calidad, el cual tiene como prop\u00f3sito garantizar condiciones fundamentales de capacidad para llevar a cabo procesos de atenci\u00f3n, as\u00ed como para la seguridad de los pacientes. De esta forma, se determin\u00f3 que el espacio m\u00e9dico cumpli\u00f3 con un conjunto de criterios y est\u00e1ndares necesarios para proporcionar servicios definidos en el Sistema de Protecci\u00f3n Social en Salud y Cat\u00e1logo Universal de Servicios de Salud (CAUSES) adem\u00e1s del Fondo de Gastos Catastr\u00f3ficos (FGC).<\/p>\n<p class=\"MsoNormal\" style=\"text-align: justify;\">Dicha Unidad hospitalaria fue evaluada y acreditada de manera satisfactoria por la Direcci\u00f3n General de Calidad y Educaci\u00f3n en Salud y por la Direcci\u00f3n de Capital Humano de la SSH.<\/p>\n<p class=\"MsoNormal\" style=\"text-align: justify;\">Copca Garc\u00eda, expres\u00f3 que con este logro, ahora el nosocomio privado deber\u00e1 atender la demanda de servicios y dar soluci\u00f3n a los problemas estructurales mediante la creaci\u00f3n de nuevos espacios para la atenci\u00f3n m\u00e9dica, as\u00ed como la adquisici\u00f3n de equipos de tecnolog\u00eda m\u00e1s compleja, \u00fatil y avanzada.<\/p>\n<p class=\"MsoNormal\" style=\"text-align: justify;\">La diputada local y presidenta de la Comisi\u00f3n de Salud en el Congreso del Estado, Roc\u00edo Tello Zamorano, Jefe de la Jurisdicci\u00f3n Sanitaria Tulancingo, Cesar Guti\u00e9rrez Ch\u00e1vez; Titular de la Unidad de Desarrollo en Tulancingo, Lorenzo Arroyo; y el Director Genera del Hospital Medica Tulancingo, Eulalio M\u00e1rquez Alvarado, fueron algunas de los funcionarios que se dieron cita al evento.<\/p>\n","protected":false},"excerpt":{"rendered":"<p>Se entreg\u00f3 el dictamen de acreditaci\u00f3n en capacidad, calidad y seguridad para la atenci\u00f3n, al Hospital \u201cM\u00e9dica Tulancingo\u201d, a manos del Subsecretario de Prestaci\u00f3n de Servicios de la Secretar\u00eda de Salud en Hidalgo (SSH), Jos\u00e9 Antonio Copca Garc\u00eda, lo anterior permitir\u00e1 a la instituci\u00f3n ser el primer hospital privado en la entidad en alcanzar dicho [&hellip;]<\/p>\n","protected":false},"author":1,"featured_media":0,"comment_status":"open","ping_status":"open","sticky":false,"template":"","format":"standard","meta":{"footnotes":""},"categories":[59],"tags":[],"class_list":["post-25705","post","type-post","status-publish","format-standard","hentry","category-general"],"_links":{"self":[{"href":"https:\/\/plazajuarez.mx\/historico\/wp-json\/wp\/v2\/posts\/25705","targetHints":{"allow":["GET"]}}],"collection":[{"href":"https:\/\/plazajuarez.mx\/historico\/wp-json\/wp\/v2\/posts"}],"about":[{"href":"https:\/\/plazajuarez.mx\/historico\/wp-json\/wp\/v2\/types\/post"}],"author":[{"embeddable":true,"href":"https:\/\/plazajuarez.mx\/historico\/wp-json\/wp\/v2\/users\/1"}],"replies":[{"embeddable":true,"href":"https:\/\/plazajuarez.mx\/historico\/wp-json\/wp\/v2\/comments?post=25705"}],"version-history":[{"count":0,"href":"https:\/\/plazajuarez.mx\/historico\/wp-json\/wp\/v2\/posts\/25705\/revisions"}],"wp:attachment":[{"href":"https:\/\/plazajuarez.mx\/historico\/wp-json\/wp\/v2\/media?parent=25705"}],"wp:term":[{"taxonomy":"category","embeddable":true,"href":"https:\/\/plazajuarez.mx\/historico\/wp-json\/wp\/v2\/categories?post=25705"},{"taxonomy":"post_tag","embeddable":true,"href":"https:\/\/plazajuarez.mx\/historico\/wp-json\/wp\/v2\/tags?post=25705"}],"curies":[{"name":"wp","href":"https:\/\/api.w.org\/{rel}","templated":true}]}}