{"id":25704,"date":"2016-07-28T17:27:34","date_gmt":"2016-07-28T17:27:34","guid":{"rendered":"http:\/\/plazajuarez.mx\/index\/index.php\/2016\/07\/28\/fernando-moctezuma-llamo-a-gestiones-sin-distingo-de-partidos\/"},"modified":"2016-07-28T17:27:34","modified_gmt":"2016-07-28T17:27:34","slug":"fernando-moctezuma-llamo-a-gestiones-sin-distingo-de-partidos","status":"publish","type":"post","link":"https:\/\/plazajuarez.mx\/historico\/fernando-moctezuma-llamo-a-gestiones-sin-distingo-de-partidos\/","title":{"rendered":"Fernando Moctezuma llam\u00f3 a gestiones sin distinci\u00f3n de partidos"},"content":{"rendered":"<p class=\"MsoNormal\" style=\"text-align: justify;\">Fernando Moctezuma Pereda, Diputado Federal por el distrito 05, supervis\u00f3 el arranque de obra de la construcci\u00f3n de gradas de concreto del campo deportivo de la comunidad de Mangas, del municipio de Tezontepec de Aldama.<\/p>\n<p>  <!--more-->  <\/p>\n<p class=\"MsoNormal\" style=\"text-align: justify;\">Dicha obra se realizar\u00e1 en dos etapas y beneficiara a j\u00f3venes y adultos que practican deporte en este espacio.\u00a0<\/p>\n<p class=\"MsoNormal\" style=\"text-align: justify;\">El diputado federal coment\u00f3 que esta obra se realiza con recursos extraordinarios que se gestionaron en el congreso de la Uni\u00f3n y apoyado por el gobernador Jos\u00e9 Francisco Olvera Ruiz, esto ante vecinos de la comunidad y l\u00edderes deportivos.<\/p>\n<p class=\"MsoNormal\" style=\"text-align: justify;\">En cuanto al mensaje que mand\u00f3, el legislador federal hizo un llamado al comit\u00e9 de obra a verificar cual es la superficie que va a cubrir el proyecto en su primera etapa, \u201ccuantas gradas, para que preparemos en una segunda etapa para que hagamos continuar el proyecto en el 2017 Esto fue una gesti\u00f3n el a\u00f1o pasado y se est\u00e1n viendo los resultados\u201d.<\/p>\n<p class=\"MsoNormal\" style=\"text-align: justify;\">\u201cEl compromiso es que la empresa no pare y de ustedes que vigilen que el proyecto que se realiza se ejecute tal como viene, que se respete y para eso est\u00e1n con este comit\u00e9 permanente que estar\u00e1 vigilante que \u00a0se realice la obra en el menor tiempo posible\u201d, dijo Moctezuma Paredes.<\/p>\n<p class=\"MsoNormal\" style=\"text-align: justify;\">Asimismo, el diputado federal recalc\u00f3 que las gestiones que los representantes populares realizan se abanderan sin \u201cEsto es para todos, aqu\u00ed no hay partidos, esto es para todos, porque esto es nuestra obligaci\u00f3n\u201d.<\/p>\n<p class=\"MsoNormal\" style=\"text-align: justify;\">El Presidente del Comit\u00e9 del Campo Deportivo 3 de noviembre, Cornejo L\u00f3pez, manifest\u00f3 en Fernando Moctezuma a \u201cuna persona en quien tenemos un gran liderazgo, eres nuestro gran l\u00edder y agradecemos tu gesti\u00f3n\u201d.<\/p>\n<p class=\"MsoNormal\" style=\"text-align: justify;\">Adem\u00e1s\u00a0 acompa\u00f1aron Moctezuma Pereda el diputado local, F\u00e9lix Becerril, \u00a0as\u00ed como H\u00e9ctor Quijano \u00c1lvarez, Presidente de la Asociaci\u00f3n de Charros e integrantes del comit\u00e9 del campo deportivo.<\/p>\n","protected":false},"excerpt":{"rendered":"<p>Fernando Moctezuma Pereda, Diputado Federal por el distrito 05, supervis\u00f3 el arranque de obra de la construcci\u00f3n de gradas de concreto del campo deportivo de la comunidad de Mangas, del municipio de Tezontepec de Aldama.<\/p>\n","protected":false},"author":1,"featured_media":0,"comment_status":"open","ping_status":"open","sticky":false,"template":"","format":"standard","meta":{"footnotes":""},"categories":[59],"tags":[],"class_list":["post-25704","post","type-post","status-publish","format-standard","hentry","category-general"],"_links":{"self":[{"href":"https:\/\/plazajuarez.mx\/historico\/wp-json\/wp\/v2\/posts\/25704","targetHints":{"allow":["GET"]}}],"collection":[{"href":"https:\/\/plazajuarez.mx\/historico\/wp-json\/wp\/v2\/posts"}],"about":[{"href":"https:\/\/plazajuarez.mx\/historico\/wp-json\/wp\/v2\/types\/post"}],"author":[{"embeddable":true,"href":"https:\/\/plazajuarez.mx\/historico\/wp-json\/wp\/v2\/users\/1"}],"replies":[{"embeddable":true,"href":"https:\/\/plazajuarez.mx\/historico\/wp-json\/wp\/v2\/comments?post=25704"}],"version-history":[{"count":0,"href":"https:\/\/plazajuarez.mx\/historico\/wp-json\/wp\/v2\/posts\/25704\/revisions"}],"wp:attachment":[{"href":"https:\/\/plazajuarez.mx\/historico\/wp-json\/wp\/v2\/media?parent=25704"}],"wp:term":[{"taxonomy":"category","embeddable":true,"href":"https:\/\/plazajuarez.mx\/historico\/wp-json\/wp\/v2\/categories?post=25704"},{"taxonomy":"post_tag","embeddable":true,"href":"https:\/\/plazajuarez.mx\/historico\/wp-json\/wp\/v2\/tags?post=25704"}],"curies":[{"name":"wp","href":"https:\/\/api.w.org\/{rel}","templated":true}]}}