{"id":25703,"date":"2016-07-28T12:11:35","date_gmt":"2016-07-28T12:11:35","guid":{"rendered":"http:\/\/plazajuarez.mx\/index\/index.php\/2016\/07\/28\/alfil-negro-560\/"},"modified":"2016-07-28T12:11:35","modified_gmt":"2016-07-28T12:11:35","slug":"alfil-negro-560","status":"publish","type":"post","link":"https:\/\/plazajuarez.mx\/historico\/alfil-negro-560\/","title":{"rendered":"ALFIL NEGRO"},"content":{"rendered":"<p style=\"text-align: justify;\">(37 d\u00edas para el cambio. OMAR FAYAD ser\u00e1 el nuevo Gobernador y se iniciar\u00e1 una nueva historia que el 4 de septiembre del 2022 tendr\u00e1 su final tambi\u00e9n. \u201cSic transit gloria mundi\u201d,\u00a0 dec\u00edan los latinos : \u201cAs\u00ed\u00a0 pasa la gloria del mundo\u201d se traduce, y la verdad no hay de otra)<br \/>*JUNTO CON EL PODER, SE VAN <br \/>ALIADOS Y SUPUESTOS AMIGOS<br \/>*OSORIO MUY BIEN<\/p>\n<p>  <!--more-->  <\/p>\n<p style=\"text-align: justify;\">El poder de ser Gobernador es una magia que envuelve al que lo es, de tal manera que\u00a0 lo convierte\u00a0 en un ser \u00fanico, depositario de alcances que a lo mejor ni\u00a0 \u00e9l\u00a0 se da cuenta de lo que representa, por la concentraci\u00f3n de autoridad que le da este cargo y este puesto en que su voluntad y decisi\u00f3n son la \u00faltima palabra en acciones y obras para millones de seres humanos en lo general, y para la suerte y bienestar o desgracia en lo particular de algunos que le apuestan a\u00a0 todo en la posibilidad de formar parte de su equipo de trabajo, por lo que se traduce en oportunidad de buen trabajo y buen salario.\u00a0 <br \/>De ah\u00ed que durante mucho tiempo, los mejores puestos siempre se apartaron para determinados grupos o familias que no soltaban el hueso, porque era \u201ctradici\u00f3n\u201d que se quedaran con las secretar\u00edas y las Direcciones principales porque as\u00ed hab\u00eda sido siempre.<br \/>Parece que OMAR FAYAD acabar\u00e1 con esta costumbre.<br \/>Pero habl\u00e1bamos de la magia del poder.<br \/>El que llega a este cargo\u00a0 de pronto amanece con el poder en sus manos y se da cuenta de que es el \u201cSE\u00d1OR GOBERNADOR\u201d,\u00a0 ante quien se inclinan todos y ante quien todos informan y todos casi veneran, y se alinean\u00a0 por donde pasa.<br \/>Es nuestra cultura en que el que manda se ve distinto porque representa el poder.<br \/>Todos quieren ser sus amigos o sus aliados, porque sin que se diga, representa la posibilidad de alg\u00fan acuerdo o de alg\u00fan beneficio porque el gobernador tiene las puertas de todo abiertas para conceder dentro de la racionalidad apoyos o beneficios a quienes quiera.<br \/>Si son seis a\u00f1os de gobierno, por lo menos cinco y cacho que son de ejercicio pleno de gobierno en que todos parecen aliados, amigos, contrapartes en todo caso, con los que se puede dialogar y acordar en el caso m\u00ednimo de acercamiento, porque el poder lo tiene el gobernador y nadie en su sano juicio va a buscar pelear con el Jefe del Ejecutivo, habiendo la posibilidad de un acercamiento.<br \/>SIN EMBARGO\u2026<br \/>El poder se acaba.<br \/>Llegan los meses \u00faltimos del ejercicio de gobierno en que el ser Gobernador ya no significa tener toda la magia del cargo, porque en el escenario ya hay otro Gobernador electo que est\u00e1 listo para el relevo, y que por lo mismo para todos es el que mandar\u00e1 en los pr\u00f3ximos seis a\u00f1os, y al que hay que buscar para todo lo que significan los pr\u00f3ximos a\u00f1os.<br \/>Y entonces vienen a lo mejor los d\u00edas amargos en que algunos que se consideraban amigos o colaboradores cercanos brincan del barco porque lo que siempre buscaron\u00a0 fue n\u00f3mina y ahora la buscar\u00e1n, pero en el gobierno que viene.<br \/>Es la hora en que voces que antes dijeron que todo marchaba bien, ahora son voces que dicen que todo va mal, porque la distancia crea valientes que antes no se atrevieron a nada porque as\u00ed convino a sus intereses.<br \/>Finalmente, cada quien act\u00faa de acuerdo a c\u00f3mo ve la vida y los hechos.<br \/>Pero una cosa es cierta.<br \/>El poder cuando se va perdiendo empieza a golpear, por lo que se ve en los supuestos aliados y en los supuestos amigos, que no lo eran de verdad.<\/p>\n<p>As\u00ed es este negocio de ser Gobernador, en que lo mejor parece ser la obra que se haga, que tiene su propio lenguaje.<br \/>Lo dem\u00e1s\u2026 como todo\u2026 pasa\u2026 y se olvida.<br \/>Y esto lo supo y lo saben OSORIO, MURILLO, MANUEL \u00c1NGEL, OLVERA Y quien va a ser gobernador, OMAR FAYAD.<br \/>ACERTADA INTERVENCI\u00d3N DE OSORIO<br \/>El Secretario de Gobernaci\u00f3n MIGUEL \u00c1NGEL OSORIO tuvo una intervenci\u00f3n acertada en el caso de la maestra secuestrada NAYELI VARGAS, cuya madre pidi\u00f3 de rodillas, en un gesto desesperado, el apoyo del paisano para rescatar a su hija. Osorio prometi\u00f3 toda la ayuda, y en un\u00a0 tiempo muy breve se logr\u00f3 el rescate\u00a0 de la secuestrada, en una acci\u00f3n ejemplar de las autoridades y en una respuesta modelo de Osorio. S\u00f3lo la angustia de una madre y de una familia como la de esta maestra secuestrada, le dar\u00e1 todo el valor a la intervenci\u00f3n del paisano que la verdad, se luci\u00f3.<\/p>\n","protected":false},"excerpt":{"rendered":"<p>(37 d\u00edas para el cambio. OMAR FAYAD ser\u00e1 el nuevo Gobernador y se iniciar\u00e1 una nueva historia que el 4 de septiembre del 2022 tendr\u00e1 su final tambi\u00e9n. \u201cSic transit gloria mundi\u201d,\u00a0 dec\u00edan los latinos : \u201cAs\u00ed\u00a0 pasa la gloria del mundo\u201d se traduce, y la verdad no hay de otra)*JUNTO CON EL PODER, SE [&hellip;]<\/p>\n","protected":false},"author":93,"featured_media":0,"comment_status":"open","ping_status":"open","sticky":false,"template":"","format":"standard","meta":{"footnotes":""},"categories":[42],"tags":[],"class_list":["post-25703","post","type-post","status-publish","format-standard","hentry","category-nuestrapalabra"],"_links":{"self":[{"href":"https:\/\/plazajuarez.mx\/historico\/wp-json\/wp\/v2\/posts\/25703","targetHints":{"allow":["GET"]}}],"collection":[{"href":"https:\/\/plazajuarez.mx\/historico\/wp-json\/wp\/v2\/posts"}],"about":[{"href":"https:\/\/plazajuarez.mx\/historico\/wp-json\/wp\/v2\/types\/post"}],"author":[{"embeddable":true,"href":"https:\/\/plazajuarez.mx\/historico\/wp-json\/wp\/v2\/users\/93"}],"replies":[{"embeddable":true,"href":"https:\/\/plazajuarez.mx\/historico\/wp-json\/wp\/v2\/comments?post=25703"}],"version-history":[{"count":0,"href":"https:\/\/plazajuarez.mx\/historico\/wp-json\/wp\/v2\/posts\/25703\/revisions"}],"wp:attachment":[{"href":"https:\/\/plazajuarez.mx\/historico\/wp-json\/wp\/v2\/media?parent=25703"}],"wp:term":[{"taxonomy":"category","embeddable":true,"href":"https:\/\/plazajuarez.mx\/historico\/wp-json\/wp\/v2\/categories?post=25703"},{"taxonomy":"post_tag","embeddable":true,"href":"https:\/\/plazajuarez.mx\/historico\/wp-json\/wp\/v2\/tags?post=25703"}],"curies":[{"name":"wp","href":"https:\/\/api.w.org\/{rel}","templated":true}]}}