{"id":2570,"date":"2015-03-21T06:00:00","date_gmt":"2015-03-21T06:00:00","guid":{"rendered":"http:\/\/plazajuarez.mx\/index\/index.php\/2015\/03\/21\/reconocen-a-profesores-que-concluyeron-diplomado-en-estrategia-educativa\/"},"modified":"2015-03-21T06:00:00","modified_gmt":"2015-03-21T06:00:00","slug":"reconocen-a-profesores-que-concluyeron-diplomado-en-estrategia-educativa","status":"publish","type":"post","link":"https:\/\/plazajuarez.mx\/historico\/reconocen-a-profesores-que-concluyeron-diplomado-en-estrategia-educativa\/","title":{"rendered":"Reconocen a profesores que concluyeron diplomado en estrategia educativa"},"content":{"rendered":"<p><span style=\"font-family: verdana,geneva; font-size: 10pt;\"><strong>Tulancingo <\/strong><\/span><\/p>\n<p><strong><span style=\"font-family: verdana,geneva; font-size: 10pt;\">Como parte del programa Escuelas de Calidad, maestros y directivos de la regi\u00f3n de Tulancingo, en su mayor\u00eda, recibieron su certificaci\u00f3n por haber concluido el diplomado denominado \u201cGesti\u00f3n Educativa Estrat\u00e9gica\u201d; evento llevado a cabo en la escuela primaria Jos\u00e9 Mar\u00eda Morelos y Pav\u00f3n, del municipio mencionado.<\/span><\/strong><\/p>\n<p>  <!--more-->  <\/p>\n<p>\u00a0<\/p>\n<p><span style=\"font-family: verdana,geneva; font-size: 10pt;\">Joel Guerrero Ju\u00e1rez, secretario de Educaci\u00f3n P\u00fablica en el estado, fue quien encabez\u00f3 esta entrega a poco m\u00e1s de medio centenar de profesores que se dieron cita en el lugar; a los cuales reconoci\u00f3 que este diplomado, adem\u00e1s de sumarles puntos en su carrera magisterial, significar\u00e1 tambi\u00e9n un beneficio econ\u00f3mico en un futuro pr\u00f3ximo.<\/span><\/p>\n<p><span style=\"font-family: verdana,geneva; font-size: 10pt;\">Adem\u00e1s de felicitar a los maestros participantes, Guerrero Ju\u00e1rez destac\u00f3 el compromiso que tienen las maestras y los maestros hidalguenses con la educaci\u00f3n, quienes durante 22 sesiones se instruyeron en temas que les significar\u00e1n mejores resultados en la dirigencia de sus respectivos planteles educativos.<\/span><\/p>\n<p><span style=\"font-family: verdana,geneva; font-size: 10pt;\">Durante su discurso, el titular de la SEPH reconoci\u00f3 tambi\u00e9n que existe un d\u00e9ficit de personal, sobre todo administrativo y de intendencia; aunado a la existencia de las escuelas unitarias y bidocentes, donde la carga de trabajo es mayor.<\/span><\/p>\n<p><span style=\"font-family: verdana,geneva; font-size: 10pt;\">Por lo tanto, dijo que Hidalgo es piloto en el programa de director y administrativo itinerante, con lo que se ayudar\u00eda a disminuir la carga laboral para los planteles antes mencionados, donde cuentan con uno o dos maestros.\u00a0\u00a0<\/span><\/p>\n<p><span style=\"font-family: verdana,geneva; font-size: 10pt;\">\u201cEsto es algo que aplicamos en Hidalgo de manera reciente y esperamos obtener buenos resultados que nos permitan mejorar a los profesores y administrativos que puedan viajar de manera constante para apoyar a las escuelas con caracter\u00edsticas espec\u00edficas\u201d, puntualizo Guerrero Ju\u00e1rez.<\/span><\/p>\n<p><span style=\"font-family: verdana,geneva; font-size: 10pt;\">Sostuvo que este diplomado representa una oportunidad de ser mejor en la escuela y transferir el conocimiento para la mejora del proceso de ense\u00f1anza-aprendizaje, del cual las ni\u00f1as y los ni\u00f1os deben ser los m\u00e1s beneficiados.<\/span><\/p>\n<p><span style=\"font-family: verdana,geneva; font-size: 10pt;\">Por su parte, la coordinadora estatal del Programa Escuelas de Calidad, Hany Iztel S\u00e1nchez Hern\u00e1ndez, destac\u00f3 que se entregaron, de manera simult\u00e1nea en diversas regiones del estado, un total de 526 diplomas a directivos de Educaci\u00f3n B\u00e1sica que concluyeron esta certificaci\u00f3n en \u201cGesti\u00f3n Educativa Estrat\u00e9gica\u201d, que se llev\u00f3 a cabo en 22 sesiones de trabajo, en l\u00ednea y presenciales, en las que se desarrollaron cuatro m\u00f3dulos.<\/span><\/p>\n<p><span style=\"font-family: verdana,geneva; font-size: 10pt;\">\u00a0<\/span><\/p>\n","protected":false},"excerpt":{"rendered":"<p>Tulancingo Como parte del programa Escuelas de Calidad, maestros y directivos de la regi\u00f3n de Tulancingo, en su mayor\u00eda, recibieron su certificaci\u00f3n por haber concluido el diplomado denominado \u201cGesti\u00f3n Educativa Estrat\u00e9gica\u201d; evento llevado a cabo en la escuela primaria Jos\u00e9 Mar\u00eda Morelos y Pav\u00f3n, del municipio mencionado.<\/p>\n","protected":false},"author":93,"featured_media":0,"comment_status":"open","ping_status":"open","sticky":false,"template":"","format":"standard","meta":{"footnotes":""},"categories":[40],"tags":[],"class_list":["post-2570","post","type-post","status-publish","format-standard","hentry","category-region"],"_links":{"self":[{"href":"https:\/\/plazajuarez.mx\/historico\/wp-json\/wp\/v2\/posts\/2570","targetHints":{"allow":["GET"]}}],"collection":[{"href":"https:\/\/plazajuarez.mx\/historico\/wp-json\/wp\/v2\/posts"}],"about":[{"href":"https:\/\/plazajuarez.mx\/historico\/wp-json\/wp\/v2\/types\/post"}],"author":[{"embeddable":true,"href":"https:\/\/plazajuarez.mx\/historico\/wp-json\/wp\/v2\/users\/93"}],"replies":[{"embeddable":true,"href":"https:\/\/plazajuarez.mx\/historico\/wp-json\/wp\/v2\/comments?post=2570"}],"version-history":[{"count":0,"href":"https:\/\/plazajuarez.mx\/historico\/wp-json\/wp\/v2\/posts\/2570\/revisions"}],"wp:attachment":[{"href":"https:\/\/plazajuarez.mx\/historico\/wp-json\/wp\/v2\/media?parent=2570"}],"wp:term":[{"taxonomy":"category","embeddable":true,"href":"https:\/\/plazajuarez.mx\/historico\/wp-json\/wp\/v2\/categories?post=2570"},{"taxonomy":"post_tag","embeddable":true,"href":"https:\/\/plazajuarez.mx\/historico\/wp-json\/wp\/v2\/tags?post=2570"}],"curies":[{"name":"wp","href":"https:\/\/api.w.org\/{rel}","templated":true}]}}