{"id":2569,"date":"2015-03-21T06:00:00","date_gmt":"2015-03-21T06:00:00","guid":{"rendered":"http:\/\/plazajuarez.mx\/index\/index.php\/2015\/03\/21\/conductor-ebrio-impacta-su-unidad-contra-taxi-con-cinco-pasajeros-a-bordo\/"},"modified":"2015-03-21T06:00:00","modified_gmt":"2015-03-21T06:00:00","slug":"conductor-ebrio-impacta-su-unidad-contra-taxi-con-cinco-pasajeros-a-bordo","status":"publish","type":"post","link":"https:\/\/plazajuarez.mx\/historico\/conductor-ebrio-impacta-su-unidad-contra-taxi-con-cinco-pasajeros-a-bordo\/","title":{"rendered":"Conductor ebrio impacta su unidad contra taxi; con cinco pasajeros a bordo"},"content":{"rendered":"<p><span style=\"font-family: verdana,geneva; font-size: 10pt;\"><strong>Tula de Allende<\/strong><\/span><\/p>\n<p><span style=\"font-family: verdana,geneva; font-size: 10pt;\"><strong>Foto Carlos Guerrero <\/strong><\/span><\/p>\n<p><span style=\"font-family: verdana,geneva; font-size: 10pt;\">\u00a0<\/span><\/p>\n<p><strong><span style=\"font-family: verdana,geneva; font-size: 10pt;\">Conductor en estado de ebriedad perdi\u00f3 el control de su unidad cuando circulaba sobre el bulevar Tula-Iturbe, lo que origin\u00f3 que impactara un taxi con cinco pasajeros a bordo de los que resultaron lesionados tres entre ellos una menor de dos a\u00f1os.<\/span><\/strong><\/p>\n<p>  <!--more-->  <\/p>\n<p>\u00a0<\/p>\n<p><span style=\"font-family: verdana,geneva; font-size: 10pt;\">\u00a0<\/span><\/p>\n<p><span style=\"font-family: verdana,geneva; font-size: 10pt;\">Uniformados se\u00f1alaron que el percance se registr\u00f3 debido al exceso de velocidad, falta de precauci\u00f3n y estado de ebriedad con el que manejaba el conductor del veh\u00edculo Palio blanco HNK6415 que al perder el control de la unidad que tripulaba golpe\u00f3 al taxi en uno de sus costado ponch\u00e1ndole tras el impacto una de las llantas traseras.<\/span><\/p>\n<p><span style=\"font-family: verdana,geneva; font-size: 10pt;\">\u00a0<\/span><\/p>\n<p><span style=\"font-family: verdana,geneva; font-size: 10pt;\">Luego de impactar el veh\u00edculo del servicio p\u00fablico con placas HNG 7557 de que cubr\u00eda la ruta Arboledas-Tula, el Palio termin\u00f3 incrustado entre los \u00e1rboles que se ubican a la orilla del bulevar, del lado de la Unidad Habitacional de Pemex, saliendo ileso el conductor y su acompa\u00f1ante, de los que no se revel\u00f3 su identidad.<\/span><\/p>\n<p><span style=\"font-family: verdana,geneva; font-size: 10pt;\">\u00a0<\/span><\/p>\n<p><span style=\"font-family: verdana,geneva; font-size: 10pt;\">Para atender a los heridos del taxi arribaron al lugar, param\u00e9dicos de la Cruz Roja, quienes trasladaron al Hospital Regional Tula-Tepeji a Diana Laura Tapia de 18 a\u00f1os de edad, a la peque\u00f1a, de dos a\u00f1os de edad, Quetzali Kimey Falc\u00f3n Alp\u00edzar y a Isela Falc\u00f3n Alp\u00edzar, vecinas de la colonia El Cielo en Tula.<\/span><\/p>\n<p><span style=\"font-family: verdana,geneva; font-size: 10pt;\">\u00a0<\/span><\/p>\n<p><span style=\"font-family: verdana,geneva; font-size: 10pt;\">Mientras los tres lesionados eran atendidos por los param\u00e9dicos, el conductor del taxi de nombre Omar, se\u00f1al\u00f3 a los uniformados de la Polic\u00eda Municipal quienes se encargaron el hecho de tr\u00e1nsito registrado a la altura de los sem\u00e1foros de Soriana en la colonia El Salitre, que \u00e9l detuvo su marcha al encenderse la luz roja del sem\u00e1foro cuando de pronto sinti\u00f3 el fuerte golpe.<\/span><\/p>\n<p><span style=\"font-family: verdana,geneva; font-size: 10pt;\">\u00a0<\/span><\/p>\n<p><span style=\"font-family: verdana,geneva; font-size: 10pt;\">Para que respondiera por los gastos m\u00e9dicos que se generen a consecuencia de las lesiones que presenten los heridos y por los da\u00f1os materiales ocasionados a la unidad del transporte p\u00fablico, el conductor del Palio fue detenido por los uniformados municipales y trasladado a las galeras municipales, para m\u00e1s tarde ser puesto a disposici\u00f3n del Ministerio P\u00fablico, toda vez que el concesionario del taxi se\u00f1al\u00f3 que para garantizar el pago interpondr\u00eda la denuncia correspondiente.<\/span><\/p>\n<p><span style=\"font-family: verdana,geneva; font-size: 10pt;\">\u00a0<\/span><\/p>\n<p><span style=\"font-family: verdana,geneva; font-size: 10pt;\">Finalmente, para liberar la v\u00eda de comunicaci\u00f3n en el carril de entrada a la ciudad fueron retiradas con gr\u00faas las dos unidades y llevadas al corral\u00f3n de encierro de gr\u00faas D\u00edaz.<\/span><\/p>\n","protected":false},"excerpt":{"rendered":"<p>Tula de Allende Foto Carlos Guerrero \u00a0 Conductor en estado de ebriedad perdi\u00f3 el control de su unidad cuando circulaba sobre el bulevar Tula-Iturbe, lo que origin\u00f3 que impactara un taxi con cinco pasajeros a bordo de los que resultaron lesionados tres entre ellos una menor de dos a\u00f1os.<\/p>\n","protected":false},"author":93,"featured_media":0,"comment_status":"open","ping_status":"open","sticky":false,"template":"","format":"standard","meta":{"footnotes":""},"categories":[40],"tags":[],"class_list":["post-2569","post","type-post","status-publish","format-standard","hentry","category-region"],"_links":{"self":[{"href":"https:\/\/plazajuarez.mx\/historico\/wp-json\/wp\/v2\/posts\/2569","targetHints":{"allow":["GET"]}}],"collection":[{"href":"https:\/\/plazajuarez.mx\/historico\/wp-json\/wp\/v2\/posts"}],"about":[{"href":"https:\/\/plazajuarez.mx\/historico\/wp-json\/wp\/v2\/types\/post"}],"author":[{"embeddable":true,"href":"https:\/\/plazajuarez.mx\/historico\/wp-json\/wp\/v2\/users\/93"}],"replies":[{"embeddable":true,"href":"https:\/\/plazajuarez.mx\/historico\/wp-json\/wp\/v2\/comments?post=2569"}],"version-history":[{"count":0,"href":"https:\/\/plazajuarez.mx\/historico\/wp-json\/wp\/v2\/posts\/2569\/revisions"}],"wp:attachment":[{"href":"https:\/\/plazajuarez.mx\/historico\/wp-json\/wp\/v2\/media?parent=2569"}],"wp:term":[{"taxonomy":"category","embeddable":true,"href":"https:\/\/plazajuarez.mx\/historico\/wp-json\/wp\/v2\/categories?post=2569"},{"taxonomy":"post_tag","embeddable":true,"href":"https:\/\/plazajuarez.mx\/historico\/wp-json\/wp\/v2\/tags?post=2569"}],"curies":[{"name":"wp","href":"https:\/\/api.w.org\/{rel}","templated":true}]}}