{"id":2568,"date":"2015-03-21T06:00:00","date_gmt":"2015-03-21T06:00:00","guid":{"rendered":"http:\/\/plazajuarez.mx\/index\/index.php\/2015\/03\/21\/trabajo-coordinado-entre-policias-ha-logrado-que-el-indice-delictivo-disminuya\/"},"modified":"2015-03-21T06:00:00","modified_gmt":"2015-03-21T06:00:00","slug":"trabajo-coordinado-entre-policias-ha-logrado-que-el-indice-delictivo-disminuya","status":"publish","type":"post","link":"https:\/\/plazajuarez.mx\/historico\/trabajo-coordinado-entre-policias-ha-logrado-que-el-indice-delictivo-disminuya\/","title":{"rendered":"\u201cTrabajo coordinado entre polic\u00edas ha logrado que el \u00edndice delictivo disminuya\u201d"},"content":{"rendered":"<p><span style=\"font-family: verdana,geneva; font-size: 10pt;\"><strong>Tepeji del R\u00edo<\/strong><\/span><\/p>\n<p><span style=\"font-family: verdana,geneva; font-size: 10pt;\"><strong>Foto Carlos Guerrero <\/strong><\/span><\/p>\n<p><span style=\"font-family: verdana,geneva; font-size: 10pt;\">\u00a0<\/span><\/p>\n<p><strong><span style=\"font-family: verdana,geneva; font-size: 10pt;\">Alfredo Ahedo Mayorga, secretario de Seguridad P\u00fablica de Hidalgo, dijo que en el estado las polic\u00edas municipal y estatal trabajan de manera coordinada con las fuerzas federales y que eso ha permitido que el \u00edndice delictivo vaya a la baja, como lo ha dado a conocer el Instituto Mexicano para la Competitividad A.C. con base al \u00cdndice de Paz M\u00e9xico (IPM), que coloca a la entidad hidalguense como la m\u00e1s segura del pa\u00eds.<\/span><\/strong><\/p>\n<p>  <!--more-->  <\/p>\n<p>\u00a0<\/p>\n<p><span style=\"font-family: verdana,geneva; font-size: 10pt;\">\u00a0<\/span><\/p>\n<p><span style=\"font-family: verdana,geneva; font-size: 10pt;\">El funcionario estatal entrevistado previo al evento que con el gobernador Francisco Olvera encabezar\u00edan en el municipio tepejano, en el que entregaron infraestructura y equipamiento del programa Subsemun, dijo que para combatir los \u00edndices delictivos en la regi\u00f3n Tula-Tepeji el estado solicit\u00f3 el apoyo de la Defensa Nacional a trav\u00e9s de la 18va zona Militar, por lo que en los rondines participan todas las instancias polic\u00edacas.<\/span><\/p>\n<p><span style=\"font-family: verdana,geneva; font-size: 10pt;\">\u00a0<\/span><\/p>\n<p><span style=\"font-family: verdana,geneva; font-size: 10pt;\">Ahedo Mayorga pidi\u00f3 a la ciudadan\u00eda que se siente vulnerable en su seguridad denuncie a las instancias correspondientes alguna situaci\u00f3n an\u00f3mala que observen de manera que eso permita a la Secretar\u00eda de Seguridad P\u00fablica dar los resultados que la propia sociedad espera.<\/span><\/p>\n<p><span style=\"font-family: verdana,geneva; font-size: 10pt;\">\u00a0<\/span><\/p>\n<p><span style=\"font-family: verdana,geneva; font-size: 10pt;\">Puntualiz\u00f3 que cuando la denuncia es oportuna el resultado en los operativos siempre ser\u00e1n satisfactorios, por lo que exhort\u00f3 a la poblaci\u00f3n a denunciar de manera inmediata cuando se vulnere su seguridad o identifique alg\u00fan hecho que considere anormal en el \u00e1rea d\u00f3nde se desarrolla o cuando observe situaciones sospechosas. Insisti\u00f3 en que la denuncia es fundamental para que la autoridad haga lo que le corresponda.<\/span><\/p>\n<p><span style=\"font-family: verdana,geneva; font-size: 10pt;\">\u00a0<\/span><\/p>\n<p><span style=\"font-family: verdana,geneva; font-size: 10pt;\">Sobre el Mando \u00danico dijo que de la regi\u00f3n sur de la entidad s\u00f3lo se han adherido Tepeji del R\u00edo y Atotonilco de Tula, pero que en todo el estado con esa figura ya son 41 de los 84 municipios que conforman Hidalgo.<\/span><\/p>\n<p><span style=\"font-family: verdana,geneva; font-size: 10pt;\">\u00a0<\/span><\/p>\n<p><span style=\"font-family: verdana,geneva; font-size: 10pt;\">Coment\u00f3 que con otras alcald\u00edas se trabaja en la firma del Convenio de Coordinaci\u00f3n y Colaboraci\u00f3n del Mando \u00danico, y que existe una buena respuesta por parte de los presidentes municipales de manera que sumen esfuerzos para combatir la delincuencia.<\/span><\/p>\n<p><span style=\"font-family: verdana,geneva; font-size: 10pt;\">\u00a0<\/span><\/p>\n<p><span style=\"font-family: verdana,geneva; font-size: 10pt;\">Precis\u00f3: \u201cSiempre habr\u00e1 incidencias, sin embargo Hidalgo es seguro en comparaci\u00f3n con otras entidades federativas como Guerrero\u201d.<\/span><\/p>\n<p><span style=\"font-family: verdana,geneva; font-size: 10pt;\">\u00a0<\/span><\/p>\n<p><span style=\"font-family: verdana,geneva; font-size: 10pt;\">En lo que se refiere al despido de polic\u00edas que no han aprobado los ex\u00e1menes de control y confianza, se\u00f1al\u00f3 que estos continuar\u00e1, debido a que se debe dar cumplimiento a una instrucci\u00f3n a nivel federal de que quienes no acrediten todo el rango de requisitos no pueden pertenecer a ninguna polic\u00eda estatal.<\/span><\/p>\n<p><span style=\"font-family: verdana,geneva; font-size: 10pt;\">\u00a0<\/span><\/p>\n<p><span style=\"font-family: verdana,geneva; font-size: 10pt;\">Coment\u00f3 que en ese tema se trabaja para brindar alternativas a los uniformados que sean despedidos de manera que puedan ser incorporados a alguna \u00e1rea ya sea en los municipios, pero que a la Polic\u00eda Estatal a quienes se les d\u00e9 de baja no podr\u00e1n reincorporarse debido a que esa dependencia cubre las vacantes con los egresados del Instituto de Formaci\u00f3n Profesional (IFP).<\/span><\/p>\n<p><span style=\"font-family: verdana,geneva; font-size: 10pt;\">\u00a0<\/span><\/p>\n<p><span style=\"font-family: verdana,geneva; font-size: 10pt;\">El secretario de Seguridad P\u00fablica en el estado se\u00f1al\u00f3 que los proyectos que se tienen en el IFP son a largo plazo, ya que primero se busca cubrir a la polic\u00eda estatal de manera que est\u00e9 conformada por gente preparada y posteriormente se ir\u00e1n cubriendo las vacantes que se tengan en las polic\u00edas municipales con personal egresado tambi\u00e9n del Instituto.<\/span><\/p>\n<p><span style=\"font-family: verdana,geneva; font-size: 10pt;\">\u00a0<\/span><\/p>\n<p><span style=\"font-family: verdana,geneva; font-size: 10pt;\">Ahedo Mayor reconoci\u00f3 que pese a los esfuerzos de la polic\u00eda en contra de la delincuencia los delitos m\u00e1s reiterados son el robo a casa habitaci\u00f3n y el robo de veh\u00edculos, pero que pese a ello las estad\u00edsticas se\u00f1alan que el \u00edndice delictivo va a la baja y que por eso el estado de Hidalgo ha sido considerado como el m\u00e1s seguro y el de mayor paz en M\u00e9xico, por encima de Yucat\u00e1n y Quer\u00e9taro y alejado de los m\u00e1s inseguros que son Guerrero, Sinaloa y Morelia.<\/span><\/p>\n<p><span style=\"font-family: verdana,geneva; font-size: 10pt;\">\u00a0<\/span><\/p>\n<p><span style=\"font-family: verdana,geneva; font-size: 10pt;\">Asegur\u00f3 que el recorte presupuestal a la Secretar\u00eda de Seguridad P\u00fablica del estado no le pegar\u00e1, por lo que seguir\u00e1n trabajando para que todos los hidalguenses puedan ser libres y que las estad\u00edsticas sigan mejorando como lo ha dado a conocer el Instituto Mexicano para la Competitividad A.C. con base al \u00cdndice de Paz M\u00e9xico (IPM).<\/span><\/p>\n<p><span style=\"font-family: verdana,geneva; font-size: 10pt;\">\u00a0<\/span><\/p>\n<p><span style=\"font-family: verdana,geneva; font-size: 10pt;\">Finalmente, fue cuestionado sobre si alguno de los candidatos a diputado federal ha solicitado seguridad a la corporaci\u00f3n estatal, \u201cpor el momento no, pero estamos atentos al proceso electoral y si alguno lo requiere se le brindar\u00e1, siempre y cuando revise la situaci\u00f3n\u201d, respondi\u00f3.<\/span><\/p>\n<p><span style=\"font-family: verdana,geneva; font-size: 10pt;\">\u00a0<\/span><\/p>\n","protected":false},"excerpt":{"rendered":"<p>Tepeji del R\u00edo Foto Carlos Guerrero \u00a0 Alfredo Ahedo Mayorga, secretario de Seguridad P\u00fablica de Hidalgo, dijo que en el estado las polic\u00edas municipal y estatal trabajan de manera coordinada con las fuerzas federales y que eso ha permitido que el \u00edndice delictivo vaya a la baja, como lo ha dado a conocer el Instituto [&hellip;]<\/p>\n","protected":false},"author":93,"featured_media":0,"comment_status":"open","ping_status":"open","sticky":false,"template":"","format":"standard","meta":{"footnotes":""},"categories":[40],"tags":[],"class_list":["post-2568","post","type-post","status-publish","format-standard","hentry","category-region"],"_links":{"self":[{"href":"https:\/\/plazajuarez.mx\/historico\/wp-json\/wp\/v2\/posts\/2568","targetHints":{"allow":["GET"]}}],"collection":[{"href":"https:\/\/plazajuarez.mx\/historico\/wp-json\/wp\/v2\/posts"}],"about":[{"href":"https:\/\/plazajuarez.mx\/historico\/wp-json\/wp\/v2\/types\/post"}],"author":[{"embeddable":true,"href":"https:\/\/plazajuarez.mx\/historico\/wp-json\/wp\/v2\/users\/93"}],"replies":[{"embeddable":true,"href":"https:\/\/plazajuarez.mx\/historico\/wp-json\/wp\/v2\/comments?post=2568"}],"version-history":[{"count":0,"href":"https:\/\/plazajuarez.mx\/historico\/wp-json\/wp\/v2\/posts\/2568\/revisions"}],"wp:attachment":[{"href":"https:\/\/plazajuarez.mx\/historico\/wp-json\/wp\/v2\/media?parent=2568"}],"wp:term":[{"taxonomy":"category","embeddable":true,"href":"https:\/\/plazajuarez.mx\/historico\/wp-json\/wp\/v2\/categories?post=2568"},{"taxonomy":"post_tag","embeddable":true,"href":"https:\/\/plazajuarez.mx\/historico\/wp-json\/wp\/v2\/tags?post=2568"}],"curies":[{"name":"wp","href":"https:\/\/api.w.org\/{rel}","templated":true}]}}