{"id":2567,"date":"2015-03-21T06:00:00","date_gmt":"2015-03-21T06:00:00","guid":{"rendered":"http:\/\/plazajuarez.mx\/index\/index.php\/2015\/03\/21\/gobernador-entrega-infraestructura-y-equipamiento-para-la-seguridad-municipal\/"},"modified":"2015-03-21T06:00:00","modified_gmt":"2015-03-21T06:00:00","slug":"gobernador-entrega-infraestructura-y-equipamiento-para-la-seguridad-municipal","status":"publish","type":"post","link":"https:\/\/plazajuarez.mx\/historico\/gobernador-entrega-infraestructura-y-equipamiento-para-la-seguridad-municipal\/","title":{"rendered":"Gobernador entrega infraestructura y equipamiento para la seguridad municipal"},"content":{"rendered":"<p><span style=\"font-family: verdana,geneva; font-size: 10pt;\"><strong>Tepeji del R\u00edo<\/strong><\/span><\/p>\n<p><span style=\"font-family: verdana,geneva; font-size: 10pt;\"><strong>Foto Carlos Guerrero <\/strong><\/span><\/p>\n<p><strong><span style=\"font-family: verdana,geneva; font-size: 10pt;\">El gobernador, Francisco Olvera Ruiz, dijo que los temas relacionados con la seguridad, paz y tranquilidad de las familias que habitan todas las regiones, se enfrentan, atienden y resuelven, y que en ese entendido el Instituto Mexicano para la Competitividad A.C. (IMCO), ubic\u00f3 a la entidad hidalguense como la m\u00e1s pac\u00edfica del pa\u00eds.<\/span><\/strong><\/p>\n<p>  <!--more-->  <\/p>\n<p>\u00a0<\/p>\n<p><span style=\"font-family: verdana,geneva; font-size: 10pt;\">Olvera Ruiz, acompa\u00f1ado del secretario de Seguridad P\u00fablica, Alfredo Ahedo, y el alcalde, Fernando Miranda Torres, encabezaron en el municipio tepejano la entrega de infraestructura y equipamiento derivado del Subsidio para la Seguridad de los Municipios (Subsemun), herramientas con las que, se asegur\u00f3, se fortalece ese importante rubro que mucho coadyuva a la consolidaci\u00f3n del desarrollo y progreso de los municipios en crecimiento como lo es Tepeji del R\u00edo.<\/span><\/p>\n<p><span style=\"font-family: verdana,geneva; font-size: 10pt;\">El jefe del Ejecutivo estatal subray\u00f3 la importancia de que en los temas de este ramo no s\u00f3lo participen las autoridades involucradas, \u201ctambi\u00e9n es relevante que la sociedad se organice y colabore con nosotros; es as\u00ed, aplicando una buena cultura de la denuncia, como daremos respuesta y soluci\u00f3n a las circunstancias negativas que se presentan\u201d.<\/span><\/p>\n<p><span style=\"font-family: verdana,geneva; font-size: 10pt;\">Agreg\u00f3: \u201cYo de ninguna manera vengo a tratar de tapar el sol con un dedo. S\u00e9 que hay una preocupaci\u00f3n seria en el tema de seguridad\u201d, derivado de la proximidad con el estado de M\u00e9xico, la autopista M\u00e9xico-Quer\u00e9taro y el estar comunicado por diferentes zonas\u201d, ponen al estado en una situaci\u00f3n vulnerable, por lo que asegur\u00f3 que para mantener los buenos \u00edndices de seguridad y paz social se trabaja con las diferentes instancias entre ellas el Ej\u00e9rcito Mexicano y las Fuerzas Armadas, el sector empresarial, as\u00ed como con la poblaci\u00f3n.<\/span><\/p>\n<p><span style=\"font-family: verdana,geneva; font-size: 10pt;\">Durante el evento el gobernador se refiri\u00f3 al estudio que realiz\u00f3 el Instituto Mexicano para la Competitividad A.C. (IMCO), que calific\u00f3 a Hidalgo como el estado m\u00e1s pac\u00edfico del pa\u00eds, \u201cnos puso en primer lugar, pero me queda claro cu\u00e1les son nuestros puntos de preocupaci\u00f3n\u201d.<\/span><\/p>\n<p><span style=\"font-family: verdana,geneva; font-size: 10pt;\">Reiter\u00f3: \u201cno se trata de ocultar los problemas. Jam\u00e1s ser\u00e1 la forma de resolverlos, pero s\u00ed de comentar que habremos de estar muy pendientes de ustedes\u201d, esto ante la preocupaci\u00f3n de los tepejanos por la inseguridad que han se\u00f1alado se ha incrementado en su municipio.<\/span><\/p>\n<p><span style=\"font-family: verdana,geneva; font-size: 10pt;\">En el marco de este evento, el gobernador inaugur\u00f3 el stand virtual de tiro municipal, en beneficio de los cuerpos polic\u00edacos de la regi\u00f3n, adem\u00e1s de que de manera simb\u00f3lica entreg\u00f3 patrullas a la polic\u00eda local.<\/span><\/p>\n<p><span style=\"font-family: verdana,geneva; font-size: 10pt;\">Acciones que coadyuvaran para seguir bajando los \u00edndices de inseguridad, mismos que se\u00f1al\u00f3 van a la baja desde 2013 a la fecha.<\/span><\/p>\n<p><span style=\"font-family: verdana,geneva; font-size: 10pt;\">Indic\u00f3: \u201cmuchas son las acciones que fortalecen la seguridad que brindamos a la ciudadan\u00eda y nos permiten dar respuesta inmediata a lo que se nos presenta; entre ellas, se encuentran la capacitaci\u00f3n y preparaci\u00f3n de nuestros polic\u00edas; su equipamiento, y los operativos que se aplican en las diferentes zonas de la entidad, donde son m\u00e1s necesarios\u201d, detall\u00f3.<\/span><\/p>\n<p><span style=\"font-family: verdana,geneva; font-size: 10pt;\">Por su parte, el presidente municipal, Fernando Miranda Torres, dijo que Francisco Olvera es un gobernante interesado en escuchar y conocer las necesidades y demandas de la gente, pero sobre todo, \u201cque se pone en los zapatos de la ciudadan\u00eda\u201d.<\/span><\/p>\n<p><span style=\"font-family: verdana,geneva; font-size: 10pt;\">En su oportunidad, el secretario de Seguridad P\u00fablica en el estado, Alfredo Ahedo Mayorga, asegur\u00f3 que todos los logros obtenidos en la administraci\u00f3n del gobernador Olvera, son muestra clara de que la pol\u00edtica en la materia ha dado resultados tangibles.<\/span><\/p>\n<p><span style=\"font-family: verdana,geneva; font-size: 10pt;\">Inform\u00f3 que el Subsemun beneficia a ocho municipios de la entidad, entre ellos Tepeji del R\u00edo, donde se canalizar\u00e1n 10 millones de pesos, que se aplicar\u00e1n en capacitaci\u00f3n, equipamiento e infraestructura.<\/span><\/p>\n<p><span style=\"font-family: verdana,geneva; font-size: 10pt;\">Cabe hacer menci\u00f3n que como parte de la gira de trabajo del Jefe del Ejecutivo estatal, en el municipio de Tetepango inaugur\u00f3 la pavimentaci\u00f3n de la calle Cuauht\u00e9moc y supervis\u00f3 las labores de la Plaza Principal.<\/span><\/p>\n<p><span style=\"font-family: verdana,geneva; font-size: 10pt;\">Mientras que, en Atitalaquia, entreg\u00f3 la pavimentaci\u00f3n asf\u00e1ltica de la carretera estatal Cardonal-Atotonilco y tom\u00f3 protesta a los integrantes de los comit\u00e9s de la estrategia Beneficios.\u00a0\u00a0\u00a0\u00a0<\/span><\/p>\n","protected":false},"excerpt":{"rendered":"<p>Tepeji del R\u00edo Foto Carlos Guerrero El gobernador, Francisco Olvera Ruiz, dijo que los temas relacionados con la seguridad, paz y tranquilidad de las familias que habitan todas las regiones, se enfrentan, atienden y resuelven, y que en ese entendido el Instituto Mexicano para la Competitividad A.C. (IMCO), ubic\u00f3 a la entidad hidalguense como la [&hellip;]<\/p>\n","protected":false},"author":93,"featured_media":0,"comment_status":"open","ping_status":"open","sticky":false,"template":"","format":"standard","meta":{"footnotes":""},"categories":[40],"tags":[],"class_list":["post-2567","post","type-post","status-publish","format-standard","hentry","category-region"],"_links":{"self":[{"href":"https:\/\/plazajuarez.mx\/historico\/wp-json\/wp\/v2\/posts\/2567","targetHints":{"allow":["GET"]}}],"collection":[{"href":"https:\/\/plazajuarez.mx\/historico\/wp-json\/wp\/v2\/posts"}],"about":[{"href":"https:\/\/plazajuarez.mx\/historico\/wp-json\/wp\/v2\/types\/post"}],"author":[{"embeddable":true,"href":"https:\/\/plazajuarez.mx\/historico\/wp-json\/wp\/v2\/users\/93"}],"replies":[{"embeddable":true,"href":"https:\/\/plazajuarez.mx\/historico\/wp-json\/wp\/v2\/comments?post=2567"}],"version-history":[{"count":0,"href":"https:\/\/plazajuarez.mx\/historico\/wp-json\/wp\/v2\/posts\/2567\/revisions"}],"wp:attachment":[{"href":"https:\/\/plazajuarez.mx\/historico\/wp-json\/wp\/v2\/media?parent=2567"}],"wp:term":[{"taxonomy":"category","embeddable":true,"href":"https:\/\/plazajuarez.mx\/historico\/wp-json\/wp\/v2\/categories?post=2567"},{"taxonomy":"post_tag","embeddable":true,"href":"https:\/\/plazajuarez.mx\/historico\/wp-json\/wp\/v2\/tags?post=2567"}],"curies":[{"name":"wp","href":"https:\/\/api.w.org\/{rel}","templated":true}]}}