{"id":2566,"date":"2015-03-21T06:00:00","date_gmt":"2015-03-21T06:00:00","guid":{"rendered":"http:\/\/plazajuarez.mx\/index\/index.php\/2015\/03\/21\/inicia-jornada-de-empleo-temporal\/"},"modified":"2015-03-21T06:00:00","modified_gmt":"2015-03-21T06:00:00","slug":"inicia-jornada-de-empleo-temporal","status":"publish","type":"post","link":"https:\/\/plazajuarez.mx\/historico\/inicia-jornada-de-empleo-temporal\/","title":{"rendered":"Inicia jornada de empleo temporal"},"content":{"rendered":"<p><span style=\"font-family: verdana,geneva; font-size: 10pt;\"><strong>Tulancingo <\/strong><\/span><\/p>\n<p><strong><span style=\"font-family: verdana,geneva; font-size: 10pt;\">Autoridades federales, estatales y municipales arrancaron oficialmente el programa de empleo temporal de la Secretar\u00eda Comunicaciones y Transportes (SCT) en el municipio de Tulancingo, en el que invertir\u00e1n m\u00e1s de un mill\u00f3n de pesos. Ser\u00e1 necesaria la mano de obra de unas mil 500 personas.<\/span><\/strong><\/p>\n<p>  <!--more-->  <\/p>\n<p>\u00a0<\/p>\n<p><span style=\"font-family: verdana,geneva; font-size: 10pt;\">\u00a0<\/span><\/p>\n<p><span style=\"font-family: verdana,geneva; font-size: 10pt;\">En el evento, llevado a cabo el pasado jueves, en el parque la U, de la colonia Napateco, se inform\u00f3 que fueron beneficiadas colonias como 20 de Noviembre y Napateco, como parte del Programa Nacional de Prevenci\u00f3n del Delito (Pronapred); adem\u00e1s de otras comunidades rurales como Los Sabinos, Viveros de la Loma, Ojo de Agua, entre otras, dentro del municipio de Tulancingo.<\/span><\/p>\n<p><span style=\"font-family: verdana,geneva; font-size: 10pt;\">\u00a0<\/span><\/p>\n<p><span style=\"font-family: verdana,geneva; font-size: 10pt;\">Adem\u00e1s, fue anunciada una inversi\u00f3n adicional de cinco millones de pesos a los 65.7 millones de pesos, que se tienen previstos para empleo temporal en el estado de Hidalgo.<\/span><\/p>\n<p><span style=\"font-family: verdana,geneva; font-size: 10pt;\">\u00a0<\/span><\/p>\n<p><span style=\"font-family: verdana,geneva; font-size: 10pt;\">Virginia Col\u00edn Castro, directora general adjunta del programa de empleo temporal, inform\u00f3 que ser\u00e1 durante marzo y abril se llevar\u00e1n a cabo los trabajos y ser\u00e1n suspendidos en mayo, con el fin de atender los lineamientos que marca la ley en cuanto a la veda electoral.<\/span><\/p>\n<p><span style=\"font-family: verdana,geneva; font-size: 10pt;\">\u00a0<\/span><\/p>\n<p><span style=\"font-family: verdana,geneva; font-size: 10pt;\">Gerardo Salom\u00f3n Bulos, delegado de la SCT en la entidad, indic\u00f3 que estas acciones mejorar\u00e1n y ampliar\u00e1n los caminos rurales de muchas comunidades que a diario transitan, por lo cual se obtuvieron mayores recursos en este 2015, para poder generar empleo.<\/span><\/p>\n<p><span style=\"font-family: verdana,geneva; font-size: 10pt;\">\u00a0<\/span><\/p>\n<p><span style=\"font-family: verdana,geneva; font-size: 10pt;\">Se\u00f1al\u00f3 que en Hidalgo, en 2013 se invirtieron 57 millones de pesos para generar 752 mil jornales y 11 mil 103 contratos; en 2014, 75 millones de pesos 854 mil 730 jornales y 12 mil 702 personas; 2015, se aplicar\u00e1n 65 millones de pesos para generar 702 mil jornales y dar empleo a 10 mil 640 personas.<\/span><\/p>\n<p><span style=\"font-family: verdana,geneva; font-size: 10pt;\">\u00a0<\/span><\/p>\n<p><span style=\"font-family: verdana,geneva; font-size: 10pt;\">Asimismo, dijo que en este a\u00f1o se pretende contratar a por lo menos al 50 por ciento de mujeres, \u201cse han integrado muy bien en este programa quienes tambi\u00e9n apoyan en la econom\u00eda familiar\u201d.<\/span><\/p>\n<p><span style=\"font-family: verdana,geneva; font-size: 10pt;\">\u00a0<\/span><\/p>\n<p><span style=\"font-family: verdana,geneva; font-size: 10pt;\">En su intervenci\u00f3n, el oficial mayor de la SCT, Rodrigo Ram\u00edrez Reyes, detall\u00f3 que en Hidalgo se conformaron 500 comit\u00e9s que dan empleo temporal a cientos de personas. \u201cUn esfuerzo de traer estos programas y beneficios a todos ustedes, trabajamos de manera coordinada con las instancias de gobierno\u201d.<\/span><\/p>\n<p><span style=\"font-family: verdana,geneva; font-size: 10pt;\">\u00a0<\/span><\/p>\n<p><span style=\"font-family: verdana,geneva; font-size: 10pt;\">Con estas acciones, dijo Ram\u00edrez Reyes, se anticipa a las temporadas de lluvias, adem\u00e1s de anunciar los cinco millones m\u00e1s que se agregan a este programa de empleo temporal en el estado de Hidalgo.<\/span><\/p>\n<p><span style=\"font-family: verdana,geneva; font-size: 10pt;\">\u00a0<\/span><\/p>\n<p><span style=\"font-family: verdana,geneva; font-size: 10pt;\">Posteriormente se dio paso a la entrega simb\u00f3lica de herramienta y cheques a beneficiarios de empleo temporal.<\/span><\/p>\n<p><span style=\"font-family: verdana,geneva; font-size: 10pt;\">\u00a0<\/span><\/p>\n<p><span style=\"font-family: verdana,geneva; font-size: 10pt;\">Finalmente, el alcalde Julio Soto M\u00e1rquez consider\u00f3 importantes estos apoyos, que sin duda traen beneficios a la regi\u00f3n, pero espec\u00edficamente en Tulancingo a colonias que est\u00e1n dentro del programa de Pronapred, en el que se ha inhibido la delincuencia mejorando el aspecto de las zonas, tanto en infraestructura y caminos seguros.<\/span><\/p>\n<p><span style=\"font-family: verdana,geneva; font-size: 10pt;\">\u00a0<\/span><\/p>\n","protected":false},"excerpt":{"rendered":"<p>Tulancingo Autoridades federales, estatales y municipales arrancaron oficialmente el programa de empleo temporal de la Secretar\u00eda Comunicaciones y Transportes (SCT) en el municipio de Tulancingo, en el que invertir\u00e1n m\u00e1s de un mill\u00f3n de pesos. Ser\u00e1 necesaria la mano de obra de unas mil 500 personas.<\/p>\n","protected":false},"author":93,"featured_media":0,"comment_status":"open","ping_status":"open","sticky":false,"template":"","format":"standard","meta":{"footnotes":""},"categories":[40],"tags":[],"class_list":["post-2566","post","type-post","status-publish","format-standard","hentry","category-region"],"_links":{"self":[{"href":"https:\/\/plazajuarez.mx\/historico\/wp-json\/wp\/v2\/posts\/2566","targetHints":{"allow":["GET"]}}],"collection":[{"href":"https:\/\/plazajuarez.mx\/historico\/wp-json\/wp\/v2\/posts"}],"about":[{"href":"https:\/\/plazajuarez.mx\/historico\/wp-json\/wp\/v2\/types\/post"}],"author":[{"embeddable":true,"href":"https:\/\/plazajuarez.mx\/historico\/wp-json\/wp\/v2\/users\/93"}],"replies":[{"embeddable":true,"href":"https:\/\/plazajuarez.mx\/historico\/wp-json\/wp\/v2\/comments?post=2566"}],"version-history":[{"count":0,"href":"https:\/\/plazajuarez.mx\/historico\/wp-json\/wp\/v2\/posts\/2566\/revisions"}],"wp:attachment":[{"href":"https:\/\/plazajuarez.mx\/historico\/wp-json\/wp\/v2\/media?parent=2566"}],"wp:term":[{"taxonomy":"category","embeddable":true,"href":"https:\/\/plazajuarez.mx\/historico\/wp-json\/wp\/v2\/categories?post=2566"},{"taxonomy":"post_tag","embeddable":true,"href":"https:\/\/plazajuarez.mx\/historico\/wp-json\/wp\/v2\/tags?post=2566"}],"curies":[{"name":"wp","href":"https:\/\/api.w.org\/{rel}","templated":true}]}}