{"id":2565,"date":"2015-03-21T06:00:00","date_gmt":"2015-03-21T06:00:00","guid":{"rendered":"http:\/\/plazajuarez.mx\/index\/index.php\/2015\/03\/21\/en-marcha-unidad-movil-del-transporte-convencional\/"},"modified":"2015-03-21T06:00:00","modified_gmt":"2015-03-21T06:00:00","slug":"en-marcha-unidad-movil-del-transporte-convencional","status":"publish","type":"post","link":"https:\/\/plazajuarez.mx\/historico\/en-marcha-unidad-movil-del-transporte-convencional\/","title":{"rendered":"En marcha, unidad m\u00f3vil  del transporte convencional"},"content":{"rendered":"<p><span style=\"font-family: verdana,geneva; font-size: 10pt;\"><strong>Santiago Tulantepec<\/strong><\/span><\/p>\n<p><strong><span style=\"font-family: verdana,geneva; font-size: 10pt;\">Autoridades estatales y municipales, as\u00ed como operadores y l\u00edderes transportistas, pusieron en marcha la Unidad M\u00f3vil del Sistema de Transporte Convencional.<\/span><\/strong><\/p>\n<p>  <!--more-->  <\/p>\n<p>\u00a0<\/p>\n<p><span style=\"font-family: verdana,geneva; font-size: 10pt;\">\u00a0<\/span><\/p>\n<p><span style=\"font-family: verdana,geneva; font-size: 10pt;\">El evento se llev\u00f3 a cabo a media semana en la explanada del Auditorio Primero de abril, con la presencia de Alain Souverbille Garc\u00eda, director General del Sistema de Transporte Convencional del Estado de Hidalgo, acompa\u00f1ado del mandatario santiaguense, Jes\u00fas Alberto Aguilar Hern\u00e1ndez.<\/span><\/p>\n<p><span style=\"font-family: verdana,geneva; font-size: 10pt;\">\u00a0<\/span><\/p>\n<p><span style=\"font-family: verdana,geneva; font-size: 10pt;\">La herramienta de trabajo corresponde a una sistematizaci\u00f3n, y est\u00e1 capacitada para agilizar diversos tr\u00e1mites como: pago de anualidad, pago de revista vehicular, infracciones y\/o multas, pago de im\u00e1genes crom\u00e1ticas y claves mnemot\u00e9cnicas, entre otras; cuenta adem\u00e1s con una base de datos de m\u00e1s de 24 mil expedientes de concesionarios, reduciendo considerablemente el tiempo y gasto de los contribuyentes.<\/span><\/p>\n<p><span style=\"font-family: verdana,geneva; font-size: 10pt;\">\u00a0<\/span><\/p>\n<p><span style=\"font-family: verdana,geneva; font-size: 10pt;\">La unidad que permaneci\u00f3 por dos d\u00edas brindando servicio hasta las 17:00 horas del mi\u00e9rcoles, forma parte de la estrategia de regionalizaci\u00f3n de servicios para beneficio de los contribuyentes, se\u00f1al\u00f3 el funcionario estatal.<\/span><\/p>\n<p><span style=\"font-family: verdana,geneva; font-size: 10pt;\">\u00a0<\/span><\/p>\n<p><span style=\"font-family: verdana,geneva; font-size: 10pt;\">Souverbille Garc\u00eda, finalmente dio a conocer que en las pr\u00f3ximas semanas se abrir\u00e1 una oficina regional en la ciudad de Tulancingo, misma que servir\u00e1 como enlace de la dependencia que dirige y atender\u00e1 las necesidades y problem\u00e1ticas de los transportistas de 16 municipios la regi\u00f3n.<\/span><\/p>\n","protected":false},"excerpt":{"rendered":"<p>Santiago Tulantepec Autoridades estatales y municipales, as\u00ed como operadores y l\u00edderes transportistas, pusieron en marcha la Unidad M\u00f3vil del Sistema de Transporte Convencional.<\/p>\n","protected":false},"author":93,"featured_media":0,"comment_status":"open","ping_status":"open","sticky":false,"template":"","format":"standard","meta":{"footnotes":""},"categories":[40],"tags":[],"class_list":["post-2565","post","type-post","status-publish","format-standard","hentry","category-region"],"_links":{"self":[{"href":"https:\/\/plazajuarez.mx\/historico\/wp-json\/wp\/v2\/posts\/2565","targetHints":{"allow":["GET"]}}],"collection":[{"href":"https:\/\/plazajuarez.mx\/historico\/wp-json\/wp\/v2\/posts"}],"about":[{"href":"https:\/\/plazajuarez.mx\/historico\/wp-json\/wp\/v2\/types\/post"}],"author":[{"embeddable":true,"href":"https:\/\/plazajuarez.mx\/historico\/wp-json\/wp\/v2\/users\/93"}],"replies":[{"embeddable":true,"href":"https:\/\/plazajuarez.mx\/historico\/wp-json\/wp\/v2\/comments?post=2565"}],"version-history":[{"count":0,"href":"https:\/\/plazajuarez.mx\/historico\/wp-json\/wp\/v2\/posts\/2565\/revisions"}],"wp:attachment":[{"href":"https:\/\/plazajuarez.mx\/historico\/wp-json\/wp\/v2\/media?parent=2565"}],"wp:term":[{"taxonomy":"category","embeddable":true,"href":"https:\/\/plazajuarez.mx\/historico\/wp-json\/wp\/v2\/categories?post=2565"},{"taxonomy":"post_tag","embeddable":true,"href":"https:\/\/plazajuarez.mx\/historico\/wp-json\/wp\/v2\/tags?post=2565"}],"curies":[{"name":"wp","href":"https:\/\/api.w.org\/{rel}","templated":true}]}}