{"id":256471,"date":"2023-04-07T10:57:41","date_gmt":"2023-04-07T16:57:41","guid":{"rendered":"https:\/\/plazajuarez.mx\/?p=256471"},"modified":"2023-04-07T10:57:44","modified_gmt":"2023-04-07T16:57:44","slug":"la-oms-cumple-75-anos-de-la-erradicacion-de-la-viruela","status":"publish","type":"post","link":"https:\/\/plazajuarez.mx\/historico\/la-oms-cumple-75-anos-de-la-erradicacion-de-la-viruela\/","title":{"rendered":"La OMS cumple 75 a\u00f1os de la erradicaci\u00f3n de la viruela"},"content":{"rendered":"\n<p>La Organizaci\u00f3n Mundial de la Salud (OMS) celebra hoy su 75\u00ba aniversario tres a\u00f1os despu\u00e9s de haberse convertido en la agencia m\u00e1s medi\u00e1tica del sistema de las Naciones Unidas debido a la crisis sanitaria internacional causada por la covid-19.<\/p>\n\n\n\n<p>La idea de una reuni\u00f3n global de pa\u00edses en torno a la salud p\u00fablica se remonta a 1851, cuando se celebr\u00f3 la primera Conferencia Internacional Sanitaria en Par\u00eds con el tema central de la respuesta ante el c\u00f3lera.<\/p>\n\n\n\n<p>En total, se celebraron catorce cumbres sanitarias m\u00e1s hasta que en 1945, justo despu\u00e9s del fin de la Segunda Guerra Mundial, las delegaciones de Brasil y de China en la Conferencia de San Francisco insistieron en la necesidad de conformar un organismo sanitario global.<\/p>\n\n\n\n<p>Tras varios a\u00f1os de negociaciones, los pa\u00edses miembros de la ONU acordaron en 1948 constituir la OMS para &#8220;reconocer el derecho a la salud como un derecho humano fundamental y para garantizar la paz y la seguridad global&#8221;.<\/p>\n\n\n\n<p>El primer director general de la organizaci\u00f3n, que estableci\u00f3 su sede en Ginebra (Suiza), fue el canadiense Brock Chisholm.<\/p>\n\n\n\n<p>Pero no ser\u00eda hasta 1980 cuando la OMS consigui\u00f3 su mayor \u00e9xito hist\u00f3rico al conseguir erradicar la viruela en todo el mundo gracias a un gran plan de inmunizaci\u00f3n en el que colaboraron Estados Unidos y la Uni\u00f3n Sovi\u00e9tica, potencias enfrentadas en ese momento.<\/p>\n\n\n\n<p><strong>UN \u00d3RGANO SANITARIO GLOBAL<\/strong><\/p>\n\n\n\n<p>La Asamblea Mundial de la Salud es el principal \u00f3rgano de la OMS, cuenta con 194 Estados miembros y re\u00fane cada mes de mayo por casi dos semanas en Ginebra a los ministros de Salud de todos \u00e9stos.<\/p>\n\n\n\n<p>Por debajo est\u00e1 el Consejo Ejecutivo, una instancia que prepara la agenda de la Asamblea y que se encarga de implementar sus decisiones. Esta formada por 34 expertos en salud designados por un Estado miembro para un mandato de tres a\u00f1os.<\/p>\n\n\n\n<p>El liderazgo personal de la OMS lo asume el director general, elegido en la Asamblea Mundial por cinco a\u00f1os. S\u00f3lo una reelecci\u00f3n es posible.<\/p>\n\n\n\n<p>La OMS cuenta con seis oficinas regionales en Brazzaville (\u00c1frica), Copenhague (Europa), Nueva Delhi (Sudeste Asi\u00e1tico), El Cairo (Mediterr\u00e1neo Oriental), Manila (Pac\u00edfico Occidental) y Washington D.C. (Am\u00e9rica), y con m\u00e1s de 150 oficinas nacionales en otros pa\u00edses.<\/p>\n\n\n\n<p>La financiaci\u00f3n de la OMS corre a cargo de los pa\u00edses miembros y de donantes privados, siendo Estados Unidos (15,1 %), Alemania (10,5 %) y la Comisi\u00f3n Europea (7,9 %) los que m\u00e1s contribuyen.<\/p>\n\n\n\n<p>Entre las organizaciones privada que participan en el presupuesto de la agencia destaca la Fundaci\u00f3n Bill y Melinda Gates (12,5 %). Tambi\u00e9n es considerable el aporte de la alianza p\u00fablico-privada para las vacunas GAVI (7,6 %) y del club Rotary International (2,38 %).<\/p>\n\n\n\n<p>Seg\u00fan su propia Constituci\u00f3n, la agencia se encarga de colaborar con los Estados miembros, la sociedad civil, las instituciones acad\u00e9micas y el sector privado en la elaboraci\u00f3n y aplicaci\u00f3n de planes sanitarios.<\/p>\n\n\n\n<p>En el caso de las enfermedades no transmisibles (cardiopat\u00edas, c\u00e1ncer, diabetes o enfermedades mentales), la OMS se encarga de promocionar la vida saludable, lo que incluye alertar sobre los riesgos ambientales y de estilos de vida para la salud.<\/p>\n\n\n\n<p>En lo que se refiere a las enfermedades transmisibles, la OMS tiene la potestad de convertirse en el coordinador global de la vigilancia sanitaria en virtud del Reglamento Sanitario Internacional.<\/p>\n\n\n\n<p><strong>LA ERA DE LAS EMERGENCIAS MUNDIALES<\/strong><\/p>\n\n\n\n<p>La \u00faltima modificaci\u00f3n de esa normativa entr\u00f3 en vigor en 2007 y con ella la posibilidad de que la OMS declare como emergencias de salud p\u00fablica de importancia internacional aquellos eventos que puedan constituir un riesgo para la salud global y que requieran de una acci\u00f3n coordinada.<\/p>\n\n\n\n<p>La organizaci\u00f3n ha declarado siete emergencias de este tipo en catorce a\u00f1os: la del virus H1N1, de la polio, el brote de \u00e9bola en \u00c1frica Occidental, del virus del zika, del brote de \u00e9bola en la Rep\u00fablica Democr\u00e1tica del Congo, de la covid-19 y de la viruela del mono.<\/p>\n\n\n\n<p>De todas las anteriores s\u00f3lo contin\u00faan en vigor las de la polio, desde 2014; de la covid-19, desde inicios de 2020; y la mpox, desde julio de 2022.<\/p>\n\n\n\n<p>La segunda ha sido el mayor reto que se ha tenido que enfrentar la OMS en sus tres primeros cuartos de siglo.<\/p>\n\n\n\n<p>A lo largo de esta emergencia, la OMS se enfrent\u00f3 a las cr\u00edticas del entonces presidente de EEUU, Donald Trump, que acus\u00f3 a la OMS y a su actual director general, el et\u00edope Tedros Adhanom Ghebreyesus, de complicidad con China y afirm\u00f3 que la organizaci\u00f3n hab\u00eda proporcionado &#8220;recomendaciones equivocadas&#8221; a los pa\u00edses.<\/p>\n\n\n\n<p>Trump lleg\u00f3 incluso a intentar que su pa\u00eds abandonase la OMS y dejase de contribuir econ\u00f3micamente con \u00e9sa, pero finalmente su sucesor, Joe Biden, desestim\u00f3 la idea.<\/p>\n\n\n\n<p>Otros reproches habituales a la OMS han sido su falta de transparencia y su alta burocratizaci\u00f3n.<\/p>\n\n\n\n<p>En los \u00faltimos a\u00f1os, la OMS tambi\u00e9n ha tenido que sortear esc\u00e1ndalos sexuales de sus propios empleados y dudas sobre su imparcialidad con algunos pa\u00edses.<\/p>\n","protected":false},"excerpt":{"rendered":"<p>La Organizaci\u00f3n Mundial de la Salud (OMS) celebra hoy su 75\u00ba aniversario tres a\u00f1os despu\u00e9s de haberse convertido en la agencia m\u00e1s medi\u00e1tica del sistema de las Naciones Unidas debido a la crisis sanitaria internacional causada por la covid-19. La idea de una reuni\u00f3n global de pa\u00edses en torno a la salud p\u00fablica se remonta [&hellip;]<\/p>\n","protected":false},"author":80,"featured_media":256472,"comment_status":"closed","ping_status":"closed","sticky":false,"template":"","format":"standard","meta":{"footnotes":""},"categories":[15,31],"tags":[],"class_list":["post-256471","post","type-post","status-publish","format-standard","has-post-thumbnail","hentry","category-destacadas","category-orbe"],"_links":{"self":[{"href":"https:\/\/plazajuarez.mx\/historico\/wp-json\/wp\/v2\/posts\/256471","targetHints":{"allow":["GET"]}}],"collection":[{"href":"https:\/\/plazajuarez.mx\/historico\/wp-json\/wp\/v2\/posts"}],"about":[{"href":"https:\/\/plazajuarez.mx\/historico\/wp-json\/wp\/v2\/types\/post"}],"author":[{"embeddable":true,"href":"https:\/\/plazajuarez.mx\/historico\/wp-json\/wp\/v2\/users\/80"}],"replies":[{"embeddable":true,"href":"https:\/\/plazajuarez.mx\/historico\/wp-json\/wp\/v2\/comments?post=256471"}],"version-history":[{"count":0,"href":"https:\/\/plazajuarez.mx\/historico\/wp-json\/wp\/v2\/posts\/256471\/revisions"}],"wp:featuredmedia":[{"embeddable":true,"href":"https:\/\/plazajuarez.mx\/historico\/wp-json\/wp\/v2\/media\/256472"}],"wp:attachment":[{"href":"https:\/\/plazajuarez.mx\/historico\/wp-json\/wp\/v2\/media?parent=256471"}],"wp:term":[{"taxonomy":"category","embeddable":true,"href":"https:\/\/plazajuarez.mx\/historico\/wp-json\/wp\/v2\/categories?post=256471"},{"taxonomy":"post_tag","embeddable":true,"href":"https:\/\/plazajuarez.mx\/historico\/wp-json\/wp\/v2\/tags?post=256471"}],"curies":[{"name":"wp","href":"https:\/\/api.w.org\/{rel}","templated":true}]}}