{"id":256461,"date":"2023-04-06T13:27:04","date_gmt":"2023-04-06T19:27:04","guid":{"rendered":"https:\/\/plazajuarez.mx\/?p=256461"},"modified":"2023-04-06T13:27:07","modified_gmt":"2023-04-06T19:27:07","slug":"francia_-3","status":"publish","type":"post","link":"https:\/\/plazajuarez.mx\/historico\/francia_-3\/","title":{"rendered":"Protestas en Francia: incendian restaurante favorito de Macron"},"content":{"rendered":"\n<p> Una nueva ola de protestas azot\u00f3 la ciudad de Par\u00eds, Francia, donde este jueves un grupo de manifestantes enfurecidos incendi\u00f3 uno de los restaurantes favoritos del presidente Emmanuel Macron, en contra de la Reforma de Pensiones presentada por el mandatario franc\u00e9s.<\/p>\n\n\n\n<p>A trav\u00e9s de redes sociales, se viraliz\u00f3 el momento en que el toldo del bistr\u00f3 La Rotonde est\u00e1 en llamas tras un enfrentamiento entre los descontentos y la polic\u00eda francesa.<\/p>\n\n\n\n<p>El restaurante bistr\u00f3 ubicado en Par\u00eds fue uno de los recintos en donde Macron celebr\u00f3 su triunfo de la primera vuelta en las elecciones presidenciales de 2017.<\/p>\n\n\n\n<p>Segundos despu\u00e9s se observa al personal del restaurante vaciar cubetas con agua sobre el toldo para mitigar el incendio, adem\u00e1s de un grupo de equipos de emergencia que se desplaz\u00f3 al lugar de los hechos.<\/p>\n\n\n\n<p>De acuerdo con la agencia de noticias Reuters, estos hechos ocurrieron despu\u00e9s de que aumentaran las tensiones durante una manifestaci\u00f3n callejera fuertemente vigilada.<\/p>\n\n\n\n<p>10 rondas previas de huelgas y protestas en todo el pa\u00eds desde enero no lograron que Macron cambiara de rumbo, y no hab\u00eda se\u00f1ales de su gobierno de que la und\u00e9cima ronda de agitaci\u00f3n del jueves lo hiciera retroceder.<\/p>\n\n\n\n<p>Multitudes, en su mayor\u00eda pac\u00edficas, marcharon detr\u00e1s de las banderas y pancartas de colores de los sindicatos en Marsella en la costa mediterr\u00e1nea, Burdeos en el suroeste, Lyon en el sureste y otras ciudades. En Par\u00eds, los huelguistas volvieron a cerrar la Torre Eiffel.<\/p>\n\n\n\n<p>La ley de pensiones necesita la aprobaci\u00f3n del Consejo Constitucional el 14 de abril. El sindicato de recolectores de basura de Par\u00eds convoc\u00f3 a nuevas huelgas el 13 de abril y otros sindicatos se comprometieron a seguir resistiendo hasta que desaparezca la pol\u00e9mica ley. Algunos predicen que el entusiasmo \u2014y los recursos\u2014 de la poblaci\u00f3n por las protestas y huelgas disminuir\u00e1.<\/p>\n","protected":false},"excerpt":{"rendered":"<p>Una nueva ola de protestas azot\u00f3 la ciudad de Par\u00eds, Francia, donde este jueves un grupo de manifestantes enfurecidos incendi\u00f3 uno de los restaurantes favoritos del presidente Emmanuel Macron, en contra de la Reforma de Pensiones presentada por el mandatario franc\u00e9s. A trav\u00e9s de redes sociales, se viraliz\u00f3 el momento en que el toldo del [&hellip;]<\/p>\n","protected":false},"author":81,"featured_media":256462,"comment_status":"closed","ping_status":"closed","sticky":false,"template":"","format":"standard","meta":{"footnotes":""},"categories":[31],"tags":[],"class_list":["post-256461","post","type-post","status-publish","format-standard","has-post-thumbnail","hentry","category-orbe"],"_links":{"self":[{"href":"https:\/\/plazajuarez.mx\/historico\/wp-json\/wp\/v2\/posts\/256461","targetHints":{"allow":["GET"]}}],"collection":[{"href":"https:\/\/plazajuarez.mx\/historico\/wp-json\/wp\/v2\/posts"}],"about":[{"href":"https:\/\/plazajuarez.mx\/historico\/wp-json\/wp\/v2\/types\/post"}],"author":[{"embeddable":true,"href":"https:\/\/plazajuarez.mx\/historico\/wp-json\/wp\/v2\/users\/81"}],"replies":[{"embeddable":true,"href":"https:\/\/plazajuarez.mx\/historico\/wp-json\/wp\/v2\/comments?post=256461"}],"version-history":[{"count":0,"href":"https:\/\/plazajuarez.mx\/historico\/wp-json\/wp\/v2\/posts\/256461\/revisions"}],"wp:featuredmedia":[{"embeddable":true,"href":"https:\/\/plazajuarez.mx\/historico\/wp-json\/wp\/v2\/media\/256462"}],"wp:attachment":[{"href":"https:\/\/plazajuarez.mx\/historico\/wp-json\/wp\/v2\/media?parent=256461"}],"wp:term":[{"taxonomy":"category","embeddable":true,"href":"https:\/\/plazajuarez.mx\/historico\/wp-json\/wp\/v2\/categories?post=256461"},{"taxonomy":"post_tag","embeddable":true,"href":"https:\/\/plazajuarez.mx\/historico\/wp-json\/wp\/v2\/tags?post=256461"}],"curies":[{"name":"wp","href":"https:\/\/api.w.org\/{rel}","templated":true}]}}