{"id":256454,"date":"2023-04-06T13:01:01","date_gmt":"2023-04-06T19:01:01","guid":{"rendered":"https:\/\/plazajuarez.mx\/?p=256454"},"modified":"2023-04-06T13:02:10","modified_gmt":"2023-04-06T19:02:10","slug":"papa-francisco","status":"publish","type":"post","link":"https:\/\/plazajuarez.mx\/historico\/papa-francisco\/","title":{"rendered":"El papa Francisco lava los pies de doce j\u00f3venes presos el Jueves Santo"},"content":{"rendered":"\n<p>El papa Francisco regres\u00f3 hoy a la prisi\u00f3n en la que hace 10 a\u00f1os inici\u00f3 el rito de la misa &#8220;In coena domini&#8221;, en la que cada Jueves Santo lava los pies a doce presos como recuerdo del gesto que tuvo Jes\u00fas con sus doce ap\u00f3stoles antes de ser crucificado.<\/p>\n\n\n\n<p>El pont\u00edfice acudi\u00f3 a la Casa del Marmo en Roma, una c\u00e1rcel de menores ubicada en la periferia de Roma, donde tras su homil\u00eda, en la que anim\u00f3 a los fieles a ayudarse entre s\u00ed, se levant\u00f3 de su silla de ruedas para lavar y besar los pies diez hombres y dos mujeres.<\/p>\n\n\n\n<p>Francisco, que fue dado de alta el pasado s\u00e1bado despu\u00e9s de haber estado ingresado tres d\u00edas en el hospital Gemelli por una bronquitis, no pudo arrodillarse pero a\u00fan as\u00ed realiz\u00f3 el gesto de pie y sin ayuda.<\/p>\n\n\n\n<p>Los doce j\u00f3venes reclusos, por su parte, aguardaron la llegada del papa sentados en un altillo. Entre ellos hab\u00eda diez chicos -cinco mayores de edad y cinco menores- y dos chicas -una mayor de edad y un menor-.<\/p>\n\n\n\n<p>Seg\u00fan detall\u00f3 la Santa Sede, dos j\u00f3venes eran de origen gitano, otro croata, otro rumano, otro ruso y otro senegal\u00e9s y musulm\u00e1n.<\/p>\n\n\n\n<p>&#8220;Llama la atenci\u00f3n que Jes\u00fas, justo el d\u00eda antes de ser crucificado, tuviera este gesto lavar los pies. Entonces era una costumbre hacerlo antes de entrar en casa, pero era un trabajo de esclavos&#8221;, les cont\u00f3 a todos ellos y al centenar de personas congregadas en la capilla de la prisi\u00f3n.<\/p>\n\n\n\n<p>&#8220;Yo har\u00e9 el mismo gesto, pero no es una cosa folcl\u00f3rica, es un gesto que dice como tenemos que ser nosotros con los dem\u00e1s&#8221;, explic\u00f3 antes de animar a ayudarse los unos con los otros &#8220;porque as\u00ed la vida es m\u00e1s bonita&#8221;.<\/p>\n\n\n\n<p>Francisco ya celebr\u00f3 el rito en la misma c\u00e1rcel hace una d\u00e9cada, en 2013, a\u00f1o de su elecci\u00f3n pontificia. Desde entonces, ha pasado por varias prisiones en todas las celebraciones de la Semana Santa excepto en 2020 y 2021, por la pandemia del coronavirus.<\/p>\n\n\n\n<p>El a\u00f1o pasado retom\u00f3 la tradici\u00f3n en una misa privada de la que solo se difundieron algunas fotos, pero, sin embargo, esta vez el Vaticano grab\u00f3 y retransmiti\u00f3 la misa al completo.<\/p>\n\n\n\n<p>&#8220;Jes\u00fas lo sabe todo y nos ama. Y nos lava los pies a todos. \u00c9l no se asusta de nuestras debilidades, porque \u00e9l ya pag\u00f3 por nosotros, solo quiere tomarnos de la mano para que la vida no sea tan dura&#8221;, se\u00f1al\u00f3 Francisco, quien pronunci\u00f3 la homil\u00eda, mientras que la eucarist\u00eda estuvo guiada por el cardenal Diego Ravelli.<\/p>\n\n\n\n<p>Tras la misa, Francisco comparti\u00f3 unos minutos con los reclusos, quienes le regalaron una cruz realizada en un curso de carpinter\u00eda, adem\u00e1s de unas galletas y un paquete de pasta, ambos elaborados en las cocinas del centr\u00f3, indic\u00f3 la Santa Sede.<\/p>\n\n\n\n<p>Por su parte, la directora de la prisi\u00f3n, Maria Teresa Iuliano, agradeci\u00f3 la visita del pont\u00edfice: &#8220;Usted nos desarma con su inmensa dulzura y nos conduce a lo esencial&#8221;, le dijo.<\/p>\n\n\n\n<p>FRANCISCO, PART\u00cdCIPE DE LA SEMANA SANTA TRAS SU INGRESO HOSPITALARIO<\/p>\n\n\n\n<p>En la ma\u00f1ana del jueves, el papa presidi\u00f3 la misa Crismal, que conmemora la instituci\u00f3n del sacramento del orden sacerdotal por Jesucristo durante la \u00daltima Cena y est\u00e1 dedicada a la renovaci\u00f3n por parte de los sacerdotes de los votos de pobreza, castidad y obediencia.<\/p>\n\n\n\n<p>Francisco tambi\u00e9n presenciar\u00e1 ma\u00f1ana el V\u00eda Crucis del Viernes Santo en el Coliseo, el S\u00e1bado Santo presidir\u00e1 la Vigilia Pascual y el domingo en la plaza de San Pedro oficiar\u00e1 la Misa de Resurrecci\u00f3n e impartir\u00e1 la tradicional bendici\u00f3n Urbi et Orbi asomado en el balc\u00f3n central de la fachada de la bas\u00edlica vaticana.<\/p>\n","protected":false},"excerpt":{"rendered":"<p>El papa Francisco regres\u00f3 hoy a la prisi\u00f3n en la que hace 10 a\u00f1os inici\u00f3 el rito de la misa &#8220;In coena domini&#8221;, en la que cada Jueves Santo lava los pies a doce presos como recuerdo del gesto que tuvo Jes\u00fas con sus doce ap\u00f3stoles antes de ser crucificado. El pont\u00edfice acudi\u00f3 a la [&hellip;]<\/p>\n","protected":false},"author":80,"featured_media":256455,"comment_status":"closed","ping_status":"closed","sticky":false,"template":"","format":"standard","meta":{"footnotes":""},"categories":[31],"tags":[],"class_list":["post-256454","post","type-post","status-publish","format-standard","has-post-thumbnail","hentry","category-orbe"],"_links":{"self":[{"href":"https:\/\/plazajuarez.mx\/historico\/wp-json\/wp\/v2\/posts\/256454","targetHints":{"allow":["GET"]}}],"collection":[{"href":"https:\/\/plazajuarez.mx\/historico\/wp-json\/wp\/v2\/posts"}],"about":[{"href":"https:\/\/plazajuarez.mx\/historico\/wp-json\/wp\/v2\/types\/post"}],"author":[{"embeddable":true,"href":"https:\/\/plazajuarez.mx\/historico\/wp-json\/wp\/v2\/users\/80"}],"replies":[{"embeddable":true,"href":"https:\/\/plazajuarez.mx\/historico\/wp-json\/wp\/v2\/comments?post=256454"}],"version-history":[{"count":0,"href":"https:\/\/plazajuarez.mx\/historico\/wp-json\/wp\/v2\/posts\/256454\/revisions"}],"wp:featuredmedia":[{"embeddable":true,"href":"https:\/\/plazajuarez.mx\/historico\/wp-json\/wp\/v2\/media\/256455"}],"wp:attachment":[{"href":"https:\/\/plazajuarez.mx\/historico\/wp-json\/wp\/v2\/media?parent=256454"}],"wp:term":[{"taxonomy":"category","embeddable":true,"href":"https:\/\/plazajuarez.mx\/historico\/wp-json\/wp\/v2\/categories?post=256454"},{"taxonomy":"post_tag","embeddable":true,"href":"https:\/\/plazajuarez.mx\/historico\/wp-json\/wp\/v2\/tags?post=256454"}],"curies":[{"name":"wp","href":"https:\/\/api.w.org\/{rel}","templated":true}]}}