{"id":2563,"date":"2015-03-21T06:00:00","date_gmt":"2015-03-21T06:00:00","guid":{"rendered":"http:\/\/plazajuarez.mx\/index\/index.php\/2015\/03\/21\/no-esperan-incremento-de-paseantes\/"},"modified":"2015-03-21T06:00:00","modified_gmt":"2015-03-21T06:00:00","slug":"no-esperan-incremento-de-paseantes","status":"publish","type":"post","link":"https:\/\/plazajuarez.mx\/historico\/no-esperan-incremento-de-paseantes\/","title":{"rendered":"No esperan incremento de paseantes"},"content":{"rendered":"<p><strong><span style=\"font-family: verdana,geneva; font-size: 10pt;\">El presidente de la Asociaci\u00f3n de de Balnearios y Parques Acu\u00e1ticos de Hidalgo inform\u00f3 que para este a\u00f1o y dadas las circunstancias econ\u00f3micas por las que atraviesa el pa\u00eds, mismas que repercuten de manera directa en los bolsillos de la poblaci\u00f3n, no esperan que se incremente el flujo de turistas para las pr\u00f3ximas vacaciones de Semana Santa, por el contrario, apunt\u00f3 que los esfuerzos se han centrado en mantener la cifra del a\u00f1o anterior.<\/span><\/strong><\/p>\n<p>  <!--more-->  <\/p>\n<p>\u00a0<\/p>\n<p><span style=\"font-family: verdana,geneva; font-size: 10pt;\">\u00a0<\/span><\/p>\n<p><span style=\"font-family: verdana,geneva; font-size: 10pt;\">\u201cSabemos que la econom\u00eda es compleja en estos momentos, hoy no estamos hablando de rebasar o superar metas, a lo que nos enfocamos en esta ocasi\u00f3n es a tener el promedio de 800 mil visitantes que tuvimos el a\u00f1o pasado\u201d asever\u00f3 el tambi\u00e9n diputado local por el Partido Revolucionario Institucional (PRI).<\/span><\/p>\n<p><span style=\"font-family: verdana,geneva; font-size: 10pt;\">\u00a0<\/span><\/p>\n<p><span style=\"font-family: verdana,geneva; font-size: 10pt;\">De igual forma, destac\u00f3 que hasta el momento no se ha contemplado alguna estrategia que permita hacer frente a dicha situaci\u00f3n que para algunos podr\u00eda frenar el desarrollo que se hab\u00eda dado con la anterior administraci\u00f3n, por lo que asegur\u00f3 que el trabajo que han realizado los agremiados bastar\u00e1 para mantener la cifra del a\u00f1o anterior.<\/span><\/p>\n<p><span style=\"font-family: verdana,geneva; font-size: 10pt;\">\u00a0<\/span><\/p>\n<p><span style=\"font-family: verdana,geneva; font-size: 10pt;\">Por lo anterior, apunt\u00f3 que no habr\u00e1 cuponeras ni descuentos durante esta temporada, ya que m\u00e1s que incrementar ganancias se podr\u00edan generar p\u00e9rdidas \u201cen temporada alta nunca ha sido buena estrategia porque los visitantes har\u00edan uso de estos beneficios y dejar\u00edan de entrar los recursos que de por s\u00ed, ya se contemplan en el pago de las entradas y dem\u00e1s servicios que se ofertan\u201d, dijo.<\/span><\/p>\n<p><span style=\"font-family: verdana,geneva; font-size: 10pt;\">\u00a0<\/span><\/p>\n<p><span style=\"font-family: verdana,geneva; font-size: 10pt;\">Y agreg\u00f3 \u201cese tipo de estrategias no se manejan en \u00e9poca vacacional fuerte, insisto, representar\u00edan m\u00e1s una p\u00e9rdida que una ganancia, de modo que los descuentos y promociones solo se ofertar\u00e1n hasta las temporadas bajas, aunque buscaremos apoyarnos en la publicidad, y esperamos tener muy buenos resultados\u201d.<\/span><\/p>\n","protected":false},"excerpt":{"rendered":"<p>El presidente de la Asociaci\u00f3n de de Balnearios y Parques Acu\u00e1ticos de Hidalgo inform\u00f3 que para este a\u00f1o y dadas las circunstancias econ\u00f3micas por las que atraviesa el pa\u00eds, mismas que repercuten de manera directa en los bolsillos de la poblaci\u00f3n, no esperan que se incremente el flujo de turistas para las pr\u00f3ximas vacaciones de [&hellip;]<\/p>\n","protected":false},"author":93,"featured_media":0,"comment_status":"open","ping_status":"open","sticky":false,"template":"","format":"standard","meta":{"footnotes":""},"categories":[59],"tags":[],"class_list":["post-2563","post","type-post","status-publish","format-standard","hentry","category-general"],"_links":{"self":[{"href":"https:\/\/plazajuarez.mx\/historico\/wp-json\/wp\/v2\/posts\/2563","targetHints":{"allow":["GET"]}}],"collection":[{"href":"https:\/\/plazajuarez.mx\/historico\/wp-json\/wp\/v2\/posts"}],"about":[{"href":"https:\/\/plazajuarez.mx\/historico\/wp-json\/wp\/v2\/types\/post"}],"author":[{"embeddable":true,"href":"https:\/\/plazajuarez.mx\/historico\/wp-json\/wp\/v2\/users\/93"}],"replies":[{"embeddable":true,"href":"https:\/\/plazajuarez.mx\/historico\/wp-json\/wp\/v2\/comments?post=2563"}],"version-history":[{"count":0,"href":"https:\/\/plazajuarez.mx\/historico\/wp-json\/wp\/v2\/posts\/2563\/revisions"}],"wp:attachment":[{"href":"https:\/\/plazajuarez.mx\/historico\/wp-json\/wp\/v2\/media?parent=2563"}],"wp:term":[{"taxonomy":"category","embeddable":true,"href":"https:\/\/plazajuarez.mx\/historico\/wp-json\/wp\/v2\/categories?post=2563"},{"taxonomy":"post_tag","embeddable":true,"href":"https:\/\/plazajuarez.mx\/historico\/wp-json\/wp\/v2\/tags?post=2563"}],"curies":[{"name":"wp","href":"https:\/\/api.w.org\/{rel}","templated":true}]}}